{"id":560,"date":"2020-01-06T12:31:16","date_gmt":"2020-01-06T11:31:16","guid":{"rendered":"http:\/\/blaakors.no\/varmestua\/?p=560"},"modified":"2020-01-06T12:31:16","modified_gmt":"2020-01-06T11:31:16","slug":"program-uke-2","status":"publish","type":"post","link":"https:\/\/blaakors.no\/varmestua\/2020\/01\/06\/program-uke-2\/","title":{"rendered":"Program uke 2"},"content":{"rendered":"<h6><strong>Mandag<\/strong>: Musikkaf\u00e8 13.30-15, her kan man sette seg ned og spille\/synge med\uf04a<br \/>\n<strong>Tirsdag<\/strong>: Kino, vi drar og ser \u00abJumanji\u00bb, oppm\u00f8te klokken 17.30 p\u00e5 Varmestua<br \/>\n<strong>Onsdag<\/strong>: Vanlig dag<br \/>\n<strong>Torsdag<\/strong>: Quiz med Eva klokken 12. Her blir det g\u00f8y med varierende sp\u00f8rsm\u00e5l<br \/>\n<strong>Fredag<\/strong>: Vanlig dag<br \/>\n<strong>L\u00f8rdag<\/strong>: Stengt<\/h6>\n<h6><\/h6>\n<h6><strong>\u00c5pningstider for januar 2020:<\/strong><\/h6>\n<h6>Mandag: Dag: 10-14 \/ Kveld: 17-19<br \/>\nTirsdag: Dag: 10-14 \/ Kveld: 17-19<br \/>\nOnsdag: Dag: 10-14 \/ Kveld: Stengt<br \/>\nTorsdag: Dag: 10-14 \/ Kveld: 17-19<br \/>\nFredag: Dag: 10-14 \/ Kveld: Stengt<br \/>\nL\u00f8rdag: Stengt<\/h6>\n","protected":false},"excerpt":{"rendered":"<p>Mandag: Musikkaf\u00e8 13.30-15, her kan man sette seg ned og spille\/synge med\uf04a Tirsdag: Kino, vi drar og ser \u00abJumanji\u00bb, oppm\u00f8te klokken 17.30 p\u00e5 Varmestua Onsdag: Vanlig dag Torsdag: Quiz med Eva klokken 12. Her blir det g\u00f8y med varierende sp\u00f8rsm\u00e5l Fredag: Vanlig dag L\u00f8rdag: Stengt \u00c5pningstider for januar 2020: Mandag: Dag: 10-14 \/ Kveld: 17-19 [&hellip;]<\/p>\n","protected":false},"author":1,"featured_media":521,"comment_status":"open","ping_status":"open","sticky":false,"template":"","format":"standard","meta":{"inline_featured_image":false,"_exactmetrics_skip_tracking":false,"_exactmetrics_sitenote_active":false,"_exactmetrics_sitenote_note":"","_exactmetrics_sitenote_category":0,"footnotes":""},"categories":[6],"tags":[],"class_list":["post-560","post","type-post","status-publish","format-standard","has-post-thumbnail","hentry","category-varmestua-i-fredrikstad"],"yoast_head":"<!-- This site is optimized with the Yoast SEO plugin v26.6 - https:\/\/yoast.com\/wordpress\/plugins\/seo\/ -->\n<title>Program uke 2 - Varmestua<\/title>\n<meta name=\"robots\" content=\"index, follow, max-snippet:-1, max-image-preview:large, max-video-preview:-1\" \/>\n<link rel=\"canonical\" href=\"https:\/\/blaakors.no\/varmestua\/2020\/01\/06\/program-uke-2\/\" \/>\n<meta property=\"og:locale\" content=\"nb_NO\" \/>\n<meta property=\"og:type\" content=\"article\" \/>\n<meta property=\"og:title\" content=\"Program uke 2 - Varmestua\" \/>\n<meta property=\"og:description\" content=\"Mandag: Musikkaf\u00e8 13.30-15, her kan man sette seg ned og spille\/synge med\uf04a Tirsdag: Kino, vi drar og ser \u00abJumanji\u00bb, oppm\u00f8te klokken 17.30 p\u00e5 Varmestua Onsdag: Vanlig dag Torsdag: Quiz med Eva klokken 12. Her blir det g\u00f8y med varierende sp\u00f8rsm\u00e5l Fredag: Vanlig dag L\u00f8rdag: Stengt \u00c5pningstider for januar 2020: Mandag: Dag: 10-14 \/ Kveld: 17-19 [&hellip;]\" \/>\n<meta property=\"og:url\" content=\"https:\/\/blaakors.no\/varmestua\/2020\/01\/06\/program-uke-2\/\" \/>\n<meta property=\"og:site_name\" content=\"Varmestua\" \/>\n<meta property=\"article:published_time\" content=\"2020-01-06T11:31:16+00:00\" \/>\n<meta property=\"og:image\" content=\"https:\/\/blaakors.no\/varmestua\/wp-content\/uploads\/sites\/3\/2019\/10\/Kino.jpg\" \/>\n\t<meta property=\"og:image:width\" content=\"800\" \/>\n\t<meta property=\"og:image:height\" content=\"533\" \/>\n\t<meta property=\"og:image:type\" content=\"image\/jpeg\" \/>\n<meta name=\"author\" content=\"digital@thepitch.no\" \/>\n<meta name=\"twitter:card\" content=\"summary_large_image\" \/>\n<meta name=\"twitter:label1\" content=\"Skrevet av\" \/>\n\t<meta name=\"twitter:data1\" content=\"digital@thepitch.no\" \/>\n<script type=\"application\/ld+json\" class=\"yoast-schema-graph\">{\"@context\":\"https:\/\/schema.org\",\"@graph\":[{\"@type\":\"Article\",\"@id\":\"https:\/\/blaakors.no\/varmestua\/2020\/01\/06\/program-uke-2\/#article\",\"isPartOf\":{\"@id\":\"https:\/\/blaakors.no\/varmestua\/2020\/01\/06\/program-uke-2\/\"},\"author\":{\"name\":\"digital@thepitch.no\",\"@id\":\"https:\/\/blaakors.no\/varmestua\/#\/schema\/person\/b4f97701537df4a065bea4a949e01b4b\"},\"headline\":\"Program uke 2\",\"datePublished\":\"2020-01-06T11:31:16+00:00\",\"mainEntityOfPage\":{\"@id\":\"https:\/\/blaakors.no\/varmestua\/2020\/01\/06\/program-uke-2\/\"},\"wordCount\":82,\"commentCount\":0,\"publisher\":{\"@id\":\"https:\/\/blaakors.no\/varmestua\/#organization\"},\"image\":{\"@id\":\"https:\/\/blaakors.no\/varmestua\/2020\/01\/06\/program-uke-2\/#primaryimage\"},\"thumbnailUrl\":\"https:\/\/blaakors.no\/varmestua\/wp-content\/uploads\/sites\/3\/2019\/10\/Kino.jpg\",\"articleSection\":[\"Varmestua i Fredrikstad\"],\"inLanguage\":\"nb-NO\",\"potentialAction\":[{\"@type\":\"CommentAction\",\"name\":\"Comment\",\"target\":[\"https:\/\/blaakors.no\/varmestua\/2020\/01\/06\/program-uke-2\/#respond\"]}]},{\"@type\":\"WebPage\",\"@id\":\"https:\/\/blaakors.no\/varmestua\/2020\/01\/06\/program-uke-2\/\",\"url\":\"https:\/\/blaakors.no\/varmestua\/2020\/01\/06\/program-uke-2\/\",\"name\":\"Program uke 2 - Varmestua\",\"isPartOf\":{\"@id\":\"https:\/\/blaakors.no\/varmestua\/#website\"},\"primaryImageOfPage\":{\"@id\":\"https:\/\/blaakors.no\/varmestua\/2020\/01\/06\/program-uke-2\/#primaryimage\"},\"image\":{\"@id\":\"https:\/\/blaakors.no\/varmestua\/2020\/01\/06\/program-uke-2\/#primaryimage\"},\"thumbnailUrl\":\"https:\/\/blaakors.no\/varmestua\/wp-content\/uploads\/sites\/3\/2019\/10\/Kino.jpg\",\"datePublished\":\"2020-01-06T11:31:16+00:00\",\"breadcrumb\":{\"@id\":\"https:\/\/blaakors.no\/varmestua\/2020\/01\/06\/program-uke-2\/#breadcrumb\"},\"inLanguage\":\"nb-NO\",\"potentialAction\":[{\"@type\":\"ReadAction\",\"target\":[\"https:\/\/blaakors.no\/varmestua\/2020\/01\/06\/program-uke-2\/\"]}]},{\"@type\":\"ImageObject\",\"inLanguage\":\"nb-NO\",\"@id\":\"https:\/\/blaakors.no\/varmestua\/2020\/01\/06\/program-uke-2\/#primaryimage\",\"url\":\"https:\/\/blaakors.no\/varmestua\/wp-content\/uploads\/sites\/3\/2019\/10\/Kino.jpg\",\"contentUrl\":\"https:\/\/blaakors.no\/varmestua\/wp-content\/uploads\/sites\/3\/2019\/10\/Kino.jpg\",\"width\":800,\"height\":533},{\"@type\":\"BreadcrumbList\",\"@id\":\"https:\/\/blaakors.no\/varmestua\/2020\/01\/06\/program-uke-2\/#breadcrumb\",\"itemListElement\":[{\"@type\":\"ListItem\",\"position\":1,\"name\":\"Hjem\",\"item\":\"https:\/\/blaakors.no\/varmestua\/\"},{\"@type\":\"ListItem\",\"position\":2,\"name\":\"Program uke 2\"}]},{\"@type\":\"WebSite\",\"@id\":\"https:\/\/blaakors.no\/varmestua\/#website\",\"url\":\"https:\/\/blaakors.no\/varmestua\/\",\"name\":\"Varmestua\",\"description\":\"I sentrum st\u00e5r et menneske\",\"publisher\":{\"@id\":\"https:\/\/blaakors.no\/varmestua\/#organization\"},\"potentialAction\":[{\"@type\":\"SearchAction\",\"target\":{\"@type\":\"EntryPoint\",\"urlTemplate\":\"https:\/\/blaakors.no\/varmestua\/?s={search_term_string}\"},\"query-input\":{\"@type\":\"PropertyValueSpecification\",\"valueRequired\":true,\"valueName\":\"search_term_string\"}}],\"inLanguage\":\"nb-NO\"},{\"@type\":\"Organization\",\"@id\":\"https:\/\/blaakors.no\/varmestua\/#organization\",\"name\":\"Varmestua\",\"url\":\"https:\/\/blaakors.no\/varmestua\/\",\"logo\":{\"@type\":\"ImageObject\",\"inLanguage\":\"nb-NO\",\"@id\":\"https:\/\/blaakors.no\/varmestua\/#\/schema\/logo\/image\/\",\"url\":\"https:\/\/blaakors.no\/varmestua\/wp-content\/uploads\/sites\/3\/2024\/09\/Bla-kors-logo-fredrikstad.svg\",\"contentUrl\":\"https:\/\/blaakors.no\/varmestua\/wp-content\/uploads\/sites\/3\/2024\/09\/Bla-kors-logo-fredrikstad.svg\",\"caption\":\"Varmestua\"},\"image\":{\"@id\":\"https:\/\/blaakors.no\/varmestua\/#\/schema\/logo\/image\/\"}},{\"@type\":\"Person\",\"@id\":\"https:\/\/blaakors.no\/varmestua\/#\/schema\/person\/b4f97701537df4a065bea4a949e01b4b\",\"name\":\"digital@thepitch.no\",\"image\":{\"@type\":\"ImageObject\",\"inLanguage\":\"nb-NO\",\"@id\":\"https:\/\/blaakors.no\/varmestua\/#\/schema\/person\/image\/\",\"url\":\"https:\/\/secure.gravatar.com\/avatar\/55e6fc7a4963b2ff255888f894e79158?s=96&d=mm&r=g\",\"contentUrl\":\"https:\/\/secure.gravatar.com\/avatar\/55e6fc7a4963b2ff255888f894e79158?s=96&d=mm&r=g\",\"caption\":\"digital@thepitch.no\"},\"sameAs\":[\"https:\/\/blaakors.no\"],\"url\":\"https:\/\/blaakors.no\/varmestua\/author\/digitalthepitch-no\/\"}]}<\/script>\n<!-- \/ Yoast SEO plugin. -->","yoast_head_json":{"title":"Program uke 2 - Varmestua","robots":{"index":"index","follow":"follow","max-snippet":"max-snippet:-1","max-image-preview":"max-image-preview:large","max-video-preview":"max-video-preview:-1"},"canonical":"https:\/\/blaakors.no\/varmestua\/2020\/01\/06\/program-uke-2\/","og_locale":"nb_NO","og_type":"article","og_title":"Program uke 2 - Varmestua","og_description":"Mandag: Musikkaf\u00e8 13.30-15, her kan man sette seg ned og spille\/synge med\uf04a Tirsdag: Kino, vi drar og ser \u00abJumanji\u00bb, oppm\u00f8te klokken 17.30 p\u00e5 Varmestua Onsdag: Vanlig dag Torsdag: Quiz med Eva klokken 12. Her blir det g\u00f8y med varierende sp\u00f8rsm\u00e5l Fredag: Vanlig dag L\u00f8rdag: Stengt \u00c5pningstider for januar 2020: Mandag: Dag: 10-14 \/ Kveld: 17-19 [&hellip;]","og_url":"https:\/\/blaakors.no\/varmestua\/2020\/01\/06\/program-uke-2\/","og_site_name":"Varmestua","article_published_time":"2020-01-06T11:31:16+00:00","og_image":[{"width":800,"height":533,"url":"https:\/\/blaakors.no\/varmestua\/wp-content\/uploads\/sites\/3\/2019\/10\/Kino.jpg","type":"image\/jpeg"}],"author":"digital@thepitch.no","twitter_card":"summary_large_image","twitter_misc":{"Skrevet av":"digital@thepitch.no"},"schema":{"@context":"https:\/\/schema.org","@graph":[{"@type":"Article","@id":"https:\/\/blaakors.no\/varmestua\/2020\/01\/06\/program-uke-2\/#article","isPartOf":{"@id":"https:\/\/blaakors.no\/varmestua\/2020\/01\/06\/program-uke-2\/"},"author":{"name":"digital@thepitch.no","@id":"https:\/\/blaakors.no\/varmestua\/#\/schema\/person\/b4f97701537df4a065bea4a949e01b4b"},"headline":"Program uke 2","datePublished":"2020-01-06T11:31:16+00:00","mainEntityOfPage":{"@id":"https:\/\/blaakors.no\/varmestua\/2020\/01\/06\/program-uke-2\/"},"wordCount":82,"commentCount":0,"publisher":{"@id":"https:\/\/blaakors.no\/varmestua\/#organization"},"image":{"@id":"https:\/\/blaakors.no\/varmestua\/2020\/01\/06\/program-uke-2\/#primaryimage"},"thumbnailUrl":"https:\/\/blaakors.no\/varmestua\/wp-content\/uploads\/sites\/3\/2019\/10\/Kino.jpg","articleSection":["Varmestua i Fredrikstad"],"inLanguage":"nb-NO","potentialAction":[{"@type":"CommentAction","name":"Comment","target":["https:\/\/blaakors.no\/varmestua\/2020\/01\/06\/program-uke-2\/#respond"]}]},{"@type":"WebPage","@id":"https:\/\/blaakors.no\/varmestua\/2020\/01\/06\/program-uke-2\/","url":"https:\/\/blaakors.no\/varmestua\/2020\/01\/06\/program-uke-2\/","name":"Program uke 2 - Varmestua","isPartOf":{"@id":"https:\/\/blaakors.no\/varmestua\/#website"},"primaryImageOfPage":{"@id":"https:\/\/blaakors.no\/varmestua\/2020\/01\/06\/program-uke-2\/#primaryimage"},"image":{"@id":"https:\/\/blaakors.no\/varmestua\/2020\/01\/06\/program-uke-2\/#primaryimage"},"thumbnailUrl":"https:\/\/blaakors.no\/varmestua\/wp-content\/uploads\/sites\/3\/2019\/10\/Kino.jpg","datePublished":"2020-01-06T11:31:16+00:00","breadcrumb":{"@id":"https:\/\/blaakors.no\/varmestua\/2020\/01\/06\/program-uke-2\/#breadcrumb"},"inLanguage":"nb-NO","potentialAction":[{"@type":"ReadAction","target":["https:\/\/blaakors.no\/varmestua\/2020\/01\/06\/program-uke-2\/"]}]},{"@type":"ImageObject","inLanguage":"nb-NO","@id":"https:\/\/blaakors.no\/varmestua\/2020\/01\/06\/program-uke-2\/#primaryimage","url":"https:\/\/blaakors.no\/varmestua\/wp-content\/uploads\/sites\/3\/2019\/10\/Kino.jpg","contentUrl":"https:\/\/blaakors.no\/varmestua\/wp-content\/uploads\/sites\/3\/2019\/10\/Kino.jpg","width":800,"height":533},{"@type":"BreadcrumbList","@id":"https:\/\/blaakors.no\/varmestua\/2020\/01\/06\/program-uke-2\/#breadcrumb","itemListElement":[{"@type":"ListItem","position":1,"name":"Hjem","item":"https:\/\/blaakors.no\/varmestua\/"},{"@type":"ListItem","position":2,"name":"Program uke 2"}]},{"@type":"WebSite","@id":"https:\/\/blaakors.no\/varmestua\/#website","url":"https:\/\/blaakors.no\/varmestua\/","name":"Varmestua","description":"I sentrum st\u00e5r et menneske","publisher":{"@id":"https:\/\/blaakors.no\/varmestua\/#organization"},"potentialAction":[{"@type":"SearchAction","target":{"@type":"EntryPoint","urlTemplate":"https:\/\/blaakors.no\/varmestua\/?s={search_term_string}"},"query-input":{"@type":"PropertyValueSpecification","valueRequired":true,"valueName":"search_term_string"}}],"inLanguage":"nb-NO"},{"@type":"Organization","@id":"https:\/\/blaakors.no\/varmestua\/#organization","name":"Varmestua","url":"https:\/\/blaakors.no\/varmestua\/","logo":{"@type":"ImageObject","inLanguage":"nb-NO","@id":"https:\/\/blaakors.no\/varmestua\/#\/schema\/logo\/image\/","url":"https:\/\/blaakors.no\/varmestua\/wp-content\/uploads\/sites\/3\/2024\/09\/Bla-kors-logo-fredrikstad.svg","contentUrl":"https:\/\/blaakors.no\/varmestua\/wp-content\/uploads\/sites\/3\/2024\/09\/Bla-kors-logo-fredrikstad.svg","caption":"Varmestua"},"image":{"@id":"https:\/\/blaakors.no\/varmestua\/#\/schema\/logo\/image\/"}},{"@type":"Person","@id":"https:\/\/blaakors.no\/varmestua\/#\/schema\/person\/b4f97701537df4a065bea4a949e01b4b","name":"digital@thepitch.no","image":{"@type":"ImageObject","inLanguage":"nb-NO","@id":"https:\/\/blaakors.no\/varmestua\/#\/schema\/person\/image\/","url":"https:\/\/secure.gravatar.com\/avatar\/55e6fc7a4963b2ff255888f894e79158?s=96&d=mm&r=g","contentUrl":"https:\/\/secure.gravatar.com\/avatar\/55e6fc7a4963b2ff255888f894e79158?s=96&d=mm&r=g","caption":"digital@thepitch.no"},"sameAs":["https:\/\/blaakors.no"],"url":"https:\/\/blaakors.no\/varmestua\/author\/digitalthepitch-no\/"}]}},"_links":{"self":[{"href":"https:\/\/blaakors.no\/varmestua\/wp-json\/wp\/v2\/posts\/560","targetHints":{"allow":["GET"]}}],"collection":[{"href":"https:\/\/blaakors.no\/varmestua\/wp-json\/wp\/v2\/posts"}],"about":[{"href":"https:\/\/blaakors.no\/varmestua\/wp-json\/wp\/v2\/types\/post"}],"author":[{"embeddable":true,"href":"https:\/\/blaakors.no\/varmestua\/wp-json\/wp\/v2\/users\/1"}],"replies":[{"embeddable":true,"href":"https:\/\/blaakors.no\/varmestua\/wp-json\/wp\/v2\/comments?post=560"}],"version-history":[{"count":0,"href":"https:\/\/blaakors.no\/varmestua\/wp-json\/wp\/v2\/posts\/560\/revisions"}],"wp:featuredmedia":[{"embeddable":true,"href":"https:\/\/blaakors.no\/varmestua\/wp-json\/wp\/v2\/media\/521"}],"wp:attachment":[{"href":"https:\/\/blaakors.no\/varmestua\/wp-json\/wp\/v2\/media?parent=560"}],"wp:term":[{"taxonomy":"category","embeddable":true,"href":"https:\/\/blaakors.no\/varmestua\/wp-json\/wp\/v2\/categories?post=560"},{"taxonomy":"post_tag","embeddable":true,"href":"https:\/\/blaakors.no\/varmestua\/wp-json\/wp\/v2\/tags?post=560"}],"curies":[{"name":"wp","href":"https:\/\/api.w.org\/{rel}","templated":true}]}}