{"id":562,"date":"2020-01-06T12:57:44","date_gmt":"2020-01-06T11:57:44","guid":{"rendered":"http:\/\/blaakors.no\/varmestua\/?p=562"},"modified":"2020-01-06T12:57:44","modified_gmt":"2020-01-06T11:57:44","slug":"manedsbrev-desember-2019","status":"publish","type":"post","link":"https:\/\/blaakors.no\/varmestua\/2020\/01\/06\/manedsbrev-desember-2019\/","title":{"rendered":"M\u00e5nedsbrev desember 2019"},"content":{"rendered":"<h6><strong>\u00abP\u00e5 huset\u00bb i desember:<\/strong><br \/>\n&#8211; Husm\u00f8te er avholdt som vanlig med utveksling av informasjon og meninger om hvordan vi har det her p\u00e5 stua.<\/h6>\n<h6>&#8211; 11.12.19 var de fine elevene fra Glemmen videreg\u00e5ende skole hos oss og serverte deilig hjemmelaget julemat. Kvelden endte med \u00e5 bli regne julebordet p\u00e5 stua &#8211; langbord dekket, pynta tidgivere og gjester, god stemning og allsang med egen-diktet sang fra en gjest.<\/h6>\n<h6>&#8211; 12.<span style=\"color: inherit;font-size: 1rem\">12.19 fikk vi, i samarbeid med Fredrikstad Kommune, bes\u00f8k av Hepatitt C-bussen, og flere gjester fikk testet s<\/span>eg og f\u00f8lges opp i etterkant for behandling.<\/h6>\n<h6>&#8211; 13.12.19 kom det en hel klasse fra Glemmen videreg\u00e5ende skole og gikk Lucia-tog for oss \u2013 selvf\u00f8lgelig med lussekatter.<\/h6>\n<h6>&#8211; Hver dag har vi hatt trekning av pakkekalender til gjestene. Gavene er gener\u00f8st gitt av butikker og akt\u00f8rer i Fredrikstad, samt samlet inn av Glemmen-elever.<\/h6>\n<h6>Ellers har desember v\u00e6rt preget av mye gener\u00f8sitet og pengegaver fra ulike foreninger. Spesielt m\u00e5 vi nevne at en romjulskonsert ble arrangert i \u00d8stre Fredrikstad Kirke hvor all kollekt gikk til Varmestua!<\/h6>\n<h6><img loading=\"lazy\" decoding=\"async\" class=\"alignleft size-medium wp-image-569\" src=\"https:\/\/blaakors.no\/varmestua\/wp-content\/uploads\/sites\/3\/2020\/01\/hep-bussen-2-225x300.jpg\" alt=\"\" width=\"225\" height=\"300\" srcset=\"https:\/\/blaakors.no\/varmestua\/wp-content\/uploads\/sites\/3\/2020\/01\/hep-bussen-2-225x300.jpg 225w, https:\/\/blaakors.no\/varmestua\/wp-content\/uploads\/sites\/3\/2020\/01\/hep-bussen-2.jpg 756w\" sizes=\"auto, (max-width: 225px) 100vw, 225px\" \/><img loading=\"lazy\" decoding=\"async\" class=\"alignleft size-medium wp-image-568\" src=\"https:\/\/blaakors.no\/varmestua\/wp-content\/uploads\/sites\/3\/2020\/01\/julemat-225x300.jpg\" alt=\"\" width=\"225\" height=\"300\" srcset=\"https:\/\/blaakors.no\/varmestua\/wp-content\/uploads\/sites\/3\/2020\/01\/julemat-225x300.jpg 225w, https:\/\/blaakors.no\/varmestua\/wp-content\/uploads\/sites\/3\/2020\/01\/julemat.jpg 756w\" sizes=\"auto, (max-width: 225px) 100vw, 225px\" \/><\/h6>\n<h6><\/h6>\n<h6><\/h6>\n<h6><\/h6>\n<h6><\/h6>\n<h6><\/h6>\n<h6><\/h6>\n<h6><\/h6>\n<h6><\/h6>\n<h6><\/h6>\n<h6><\/h6>\n<h6><strong>Alternativ Fritid i desember:<\/strong><br \/>\n&#8211; Musikkafeen har g\u00e5tt sin gang. Vi \u00f8nsker at flere benytter seg av dette tilbudet som er et samarbeid med musikkterapeutene i Fredrikstad Kommune, s\u00e5 det er bare \u00e5 ta kontakt!<\/h6>\n<h6>&#8211; Aktivitet ellers har v\u00e6rt en tur p\u00e5 kino. Ellers har det mest av tiden g\u00e5tt med p\u00e5 \u00e5 ferdigsstille produkter til Julemarkedet. Vi har ogs\u00e5 hatt utdeling av pent\u00f8y i anledning jula.<\/h6>\n<h6>&#8211; Hver torsdag har vi startet med quiz. V\u00e5r tidgiver og eminente quiz-master Eva st\u00e5r for dette hver uke og det blir mer og mer popul\u00e6rt \u00e5 v\u00e6re med og bryne seg.<\/h6>\n<h6>&#8211; Varmestua har som nevnt tidligere stilt med egne produkter p\u00e5 julemarkedet i Gamlebyen. V\u00e6ret var ikke helt p\u00e5 v\u00e5r side et par av dagene, men hele kr 17 000,- er samlet inn til Varmestua.<\/h6>\n<h6><img loading=\"lazy\" decoding=\"async\" class=\"size-medium wp-image-565 alignnone\" src=\"https:\/\/blaakors.no\/varmestua\/wp-content\/uploads\/sites\/3\/2020\/01\/fra-facebook-300x225.jpg\" alt=\"\" width=\"300\" height=\"225\" srcset=\"https:\/\/blaakors.no\/varmestua\/wp-content\/uploads\/sites\/3\/2020\/01\/fra-facebook-300x225.jpg 300w, https:\/\/blaakors.no\/varmestua\/wp-content\/uploads\/sites\/3\/2020\/01\/fra-facebook-768x576.jpg 768w, https:\/\/blaakors.no\/varmestua\/wp-content\/uploads\/sites\/3\/2020\/01\/fra-facebook.jpg 960w\" sizes=\"auto, (max-width: 300px) 100vw, 300px\" \/><\/h6>\n<h6><\/h6>\n<h6><strong>Verdt \u00e5 merke seg:<\/strong> F\u00f8rste tirsdagen i m\u00e5neden framover vil det arrangeres fast kino-bes\u00f8k. Minner ellers om at program for aktiviteter legges ut p\u00e5 Bl\u00e5 Kors sine hjemmesider slik at dere kan f\u00f8lge med p\u00e5 hva som skjer i regi av Alternativ Fritid.<\/h6>\n","protected":false},"excerpt":{"rendered":"<p>\u00abP\u00e5 huset\u00bb i desember: &#8211; Husm\u00f8te er avholdt som vanlig med utveksling av informasjon og meninger om hvordan vi har det her p\u00e5 stua. &#8211; 11.12.19 var de fine elevene fra Glemmen videreg\u00e5ende skole hos oss og serverte deilig hjemmelaget julemat. Kvelden endte med \u00e5 bli regne julebordet p\u00e5 stua &#8211; langbord dekket, pynta tidgivere [&hellip;]<\/p>\n","protected":false},"author":1,"featured_media":564,"comment_status":"open","ping_status":"open","sticky":false,"template":"","format":"standard","meta":{"inline_featured_image":false,"_exactmetrics_skip_tracking":false,"_exactmetrics_sitenote_active":false,"_exactmetrics_sitenote_note":"","_exactmetrics_sitenote_category":0,"footnotes":""},"categories":[6],"tags":[],"class_list":["post-562","post","type-post","status-publish","format-standard","has-post-thumbnail","hentry","category-varmestua-i-fredrikstad"],"yoast_head":"<!-- This site is optimized with the Yoast SEO plugin v26.6 - https:\/\/yoast.com\/wordpress\/plugins\/seo\/ -->\n<title>M\u00e5nedsbrev desember 2019 - Varmestua<\/title>\n<meta name=\"robots\" content=\"index, follow, max-snippet:-1, max-image-preview:large, max-video-preview:-1\" \/>\n<link rel=\"canonical\" href=\"https:\/\/blaakors.no\/varmestua\/2020\/01\/06\/manedsbrev-desember-2019\/\" \/>\n<meta property=\"og:locale\" content=\"nb_NO\" \/>\n<meta property=\"og:type\" content=\"article\" \/>\n<meta property=\"og:title\" content=\"M\u00e5nedsbrev desember 2019 - Varmestua\" \/>\n<meta property=\"og:description\" content=\"\u00abP\u00e5 huset\u00bb i desember: &#8211; Husm\u00f8te er avholdt som vanlig med utveksling av informasjon og meninger om hvordan vi har det her p\u00e5 stua. &#8211; 11.12.19 var de fine elevene fra Glemmen videreg\u00e5ende skole hos oss og serverte deilig hjemmelaget julemat. Kvelden endte med \u00e5 bli regne julebordet p\u00e5 stua &#8211; langbord dekket, pynta tidgivere [&hellip;]\" \/>\n<meta property=\"og:url\" content=\"https:\/\/blaakors.no\/varmestua\/2020\/01\/06\/manedsbrev-desember-2019\/\" \/>\n<meta property=\"og:site_name\" content=\"Varmestua\" \/>\n<meta property=\"article:published_time\" content=\"2020-01-06T11:57:44+00:00\" \/>\n<meta property=\"og:image\" content=\"https:\/\/blaakors.no\/varmestua\/wp-content\/uploads\/sites\/3\/2020\/01\/glemmen2.jpg\" \/>\n\t<meta property=\"og:image:width\" content=\"896\" \/>\n\t<meta property=\"og:image:height\" content=\"672\" \/>\n\t<meta property=\"og:image:type\" content=\"image\/jpeg\" \/>\n<meta name=\"author\" content=\"digital@thepitch.no\" \/>\n<meta name=\"twitter:card\" content=\"summary_large_image\" \/>\n<meta name=\"twitter:label1\" content=\"Skrevet av\" \/>\n\t<meta name=\"twitter:data1\" content=\"digital@thepitch.no\" \/>\n\t<meta name=\"twitter:label2\" content=\"Ansl. lesetid\" \/>\n\t<meta name=\"twitter:data2\" content=\"2 minutter\" \/>\n<script type=\"application\/ld+json\" class=\"yoast-schema-graph\">{\"@context\":\"https:\/\/schema.org\",\"@graph\":[{\"@type\":\"Article\",\"@id\":\"https:\/\/blaakors.no\/varmestua\/2020\/01\/06\/manedsbrev-desember-2019\/#article\",\"isPartOf\":{\"@id\":\"https:\/\/blaakors.no\/varmestua\/2020\/01\/06\/manedsbrev-desember-2019\/\"},\"author\":{\"name\":\"digital@thepitch.no\",\"@id\":\"https:\/\/blaakors.no\/varmestua\/#\/schema\/person\/b4f97701537df4a065bea4a949e01b4b\"},\"headline\":\"M\u00e5nedsbrev desember 2019\",\"datePublished\":\"2020-01-06T11:57:44+00:00\",\"mainEntityOfPage\":{\"@id\":\"https:\/\/blaakors.no\/varmestua\/2020\/01\/06\/manedsbrev-desember-2019\/\"},\"wordCount\":366,\"commentCount\":0,\"publisher\":{\"@id\":\"https:\/\/blaakors.no\/varmestua\/#organization\"},\"image\":{\"@id\":\"https:\/\/blaakors.no\/varmestua\/2020\/01\/06\/manedsbrev-desember-2019\/#primaryimage\"},\"thumbnailUrl\":\"https:\/\/blaakors.no\/varmestua\/wp-content\/uploads\/sites\/3\/2020\/01\/glemmen2.jpg\",\"articleSection\":[\"Varmestua i Fredrikstad\"],\"inLanguage\":\"nb-NO\",\"potentialAction\":[{\"@type\":\"CommentAction\",\"name\":\"Comment\",\"target\":[\"https:\/\/blaakors.no\/varmestua\/2020\/01\/06\/manedsbrev-desember-2019\/#respond\"]}]},{\"@type\":\"WebPage\",\"@id\":\"https:\/\/blaakors.no\/varmestua\/2020\/01\/06\/manedsbrev-desember-2019\/\",\"url\":\"https:\/\/blaakors.no\/varmestua\/2020\/01\/06\/manedsbrev-desember-2019\/\",\"name\":\"M\u00e5nedsbrev desember 2019 - Varmestua\",\"isPartOf\":{\"@id\":\"https:\/\/blaakors.no\/varmestua\/#website\"},\"primaryImageOfPage\":{\"@id\":\"https:\/\/blaakors.no\/varmestua\/2020\/01\/06\/manedsbrev-desember-2019\/#primaryimage\"},\"image\":{\"@id\":\"https:\/\/blaakors.no\/varmestua\/2020\/01\/06\/manedsbrev-desember-2019\/#primaryimage\"},\"thumbnailUrl\":\"https:\/\/blaakors.no\/varmestua\/wp-content\/uploads\/sites\/3\/2020\/01\/glemmen2.jpg\",\"datePublished\":\"2020-01-06T11:57:44+00:00\",\"breadcrumb\":{\"@id\":\"https:\/\/blaakors.no\/varmestua\/2020\/01\/06\/manedsbrev-desember-2019\/#breadcrumb\"},\"inLanguage\":\"nb-NO\",\"potentialAction\":[{\"@type\":\"ReadAction\",\"target\":[\"https:\/\/blaakors.no\/varmestua\/2020\/01\/06\/manedsbrev-desember-2019\/\"]}]},{\"@type\":\"ImageObject\",\"inLanguage\":\"nb-NO\",\"@id\":\"https:\/\/blaakors.no\/varmestua\/2020\/01\/06\/manedsbrev-desember-2019\/#primaryimage\",\"url\":\"https:\/\/blaakors.no\/varmestua\/wp-content\/uploads\/sites\/3\/2020\/01\/glemmen2.jpg\",\"contentUrl\":\"https:\/\/blaakors.no\/varmestua\/wp-content\/uploads\/sites\/3\/2020\/01\/glemmen2.jpg\",\"width\":896,\"height\":672},{\"@type\":\"BreadcrumbList\",\"@id\":\"https:\/\/blaakors.no\/varmestua\/2020\/01\/06\/manedsbrev-desember-2019\/#breadcrumb\",\"itemListElement\":[{\"@type\":\"ListItem\",\"position\":1,\"name\":\"Hjem\",\"item\":\"https:\/\/blaakors.no\/varmestua\/\"},{\"@type\":\"ListItem\",\"position\":2,\"name\":\"M\u00e5nedsbrev desember 2019\"}]},{\"@type\":\"WebSite\",\"@id\":\"https:\/\/blaakors.no\/varmestua\/#website\",\"url\":\"https:\/\/blaakors.no\/varmestua\/\",\"name\":\"Varmestua\",\"description\":\"I sentrum st\u00e5r et menneske\",\"publisher\":{\"@id\":\"https:\/\/blaakors.no\/varmestua\/#organization\"},\"potentialAction\":[{\"@type\":\"SearchAction\",\"target\":{\"@type\":\"EntryPoint\",\"urlTemplate\":\"https:\/\/blaakors.no\/varmestua\/?s={search_term_string}\"},\"query-input\":{\"@type\":\"PropertyValueSpecification\",\"valueRequired\":true,\"valueName\":\"search_term_string\"}}],\"inLanguage\":\"nb-NO\"},{\"@type\":\"Organization\",\"@id\":\"https:\/\/blaakors.no\/varmestua\/#organization\",\"name\":\"Varmestua\",\"url\":\"https:\/\/blaakors.no\/varmestua\/\",\"logo\":{\"@type\":\"ImageObject\",\"inLanguage\":\"nb-NO\",\"@id\":\"https:\/\/blaakors.no\/varmestua\/#\/schema\/logo\/image\/\",\"url\":\"https:\/\/blaakors.no\/varmestua\/wp-content\/uploads\/sites\/3\/2024\/09\/Bla-kors-logo-fredrikstad.svg\",\"contentUrl\":\"https:\/\/blaakors.no\/varmestua\/wp-content\/uploads\/sites\/3\/2024\/09\/Bla-kors-logo-fredrikstad.svg\",\"caption\":\"Varmestua\"},\"image\":{\"@id\":\"https:\/\/blaakors.no\/varmestua\/#\/schema\/logo\/image\/\"}},{\"@type\":\"Person\",\"@id\":\"https:\/\/blaakors.no\/varmestua\/#\/schema\/person\/b4f97701537df4a065bea4a949e01b4b\",\"name\":\"digital@thepitch.no\",\"image\":{\"@type\":\"ImageObject\",\"inLanguage\":\"nb-NO\",\"@id\":\"https:\/\/blaakors.no\/varmestua\/#\/schema\/person\/image\/\",\"url\":\"https:\/\/secure.gravatar.com\/avatar\/55e6fc7a4963b2ff255888f894e79158?s=96&d=mm&r=g\",\"contentUrl\":\"https:\/\/secure.gravatar.com\/avatar\/55e6fc7a4963b2ff255888f894e79158?s=96&d=mm&r=g\",\"caption\":\"digital@thepitch.no\"},\"sameAs\":[\"https:\/\/blaakors.no\"],\"url\":\"https:\/\/blaakors.no\/varmestua\/author\/digitalthepitch-no\/\"}]}<\/script>\n<!-- \/ Yoast SEO plugin. -->","yoast_head_json":{"title":"M\u00e5nedsbrev desember 2019 - Varmestua","robots":{"index":"index","follow":"follow","max-snippet":"max-snippet:-1","max-image-preview":"max-image-preview:large","max-video-preview":"max-video-preview:-1"},"canonical":"https:\/\/blaakors.no\/varmestua\/2020\/01\/06\/manedsbrev-desember-2019\/","og_locale":"nb_NO","og_type":"article","og_title":"M\u00e5nedsbrev desember 2019 - Varmestua","og_description":"\u00abP\u00e5 huset\u00bb i desember: &#8211; Husm\u00f8te er avholdt som vanlig med utveksling av informasjon og meninger om hvordan vi har det her p\u00e5 stua. &#8211; 11.12.19 var de fine elevene fra Glemmen videreg\u00e5ende skole hos oss og serverte deilig hjemmelaget julemat. Kvelden endte med \u00e5 bli regne julebordet p\u00e5 stua &#8211; langbord dekket, pynta tidgivere [&hellip;]","og_url":"https:\/\/blaakors.no\/varmestua\/2020\/01\/06\/manedsbrev-desember-2019\/","og_site_name":"Varmestua","article_published_time":"2020-01-06T11:57:44+00:00","og_image":[{"width":896,"height":672,"url":"https:\/\/blaakors.no\/varmestua\/wp-content\/uploads\/sites\/3\/2020\/01\/glemmen2.jpg","type":"image\/jpeg"}],"author":"digital@thepitch.no","twitter_card":"summary_large_image","twitter_misc":{"Skrevet av":"digital@thepitch.no","Ansl. lesetid":"2 minutter"},"schema":{"@context":"https:\/\/schema.org","@graph":[{"@type":"Article","@id":"https:\/\/blaakors.no\/varmestua\/2020\/01\/06\/manedsbrev-desember-2019\/#article","isPartOf":{"@id":"https:\/\/blaakors.no\/varmestua\/2020\/01\/06\/manedsbrev-desember-2019\/"},"author":{"name":"digital@thepitch.no","@id":"https:\/\/blaakors.no\/varmestua\/#\/schema\/person\/b4f97701537df4a065bea4a949e01b4b"},"headline":"M\u00e5nedsbrev desember 2019","datePublished":"2020-01-06T11:57:44+00:00","mainEntityOfPage":{"@id":"https:\/\/blaakors.no\/varmestua\/2020\/01\/06\/manedsbrev-desember-2019\/"},"wordCount":366,"commentCount":0,"publisher":{"@id":"https:\/\/blaakors.no\/varmestua\/#organization"},"image":{"@id":"https:\/\/blaakors.no\/varmestua\/2020\/01\/06\/manedsbrev-desember-2019\/#primaryimage"},"thumbnailUrl":"https:\/\/blaakors.no\/varmestua\/wp-content\/uploads\/sites\/3\/2020\/01\/glemmen2.jpg","articleSection":["Varmestua i Fredrikstad"],"inLanguage":"nb-NO","potentialAction":[{"@type":"CommentAction","name":"Comment","target":["https:\/\/blaakors.no\/varmestua\/2020\/01\/06\/manedsbrev-desember-2019\/#respond"]}]},{"@type":"WebPage","@id":"https:\/\/blaakors.no\/varmestua\/2020\/01\/06\/manedsbrev-desember-2019\/","url":"https:\/\/blaakors.no\/varmestua\/2020\/01\/06\/manedsbrev-desember-2019\/","name":"M\u00e5nedsbrev desember 2019 - Varmestua","isPartOf":{"@id":"https:\/\/blaakors.no\/varmestua\/#website"},"primaryImageOfPage":{"@id":"https:\/\/blaakors.no\/varmestua\/2020\/01\/06\/manedsbrev-desember-2019\/#primaryimage"},"image":{"@id":"https:\/\/blaakors.no\/varmestua\/2020\/01\/06\/manedsbrev-desember-2019\/#primaryimage"},"thumbnailUrl":"https:\/\/blaakors.no\/varmestua\/wp-content\/uploads\/sites\/3\/2020\/01\/glemmen2.jpg","datePublished":"2020-01-06T11:57:44+00:00","breadcrumb":{"@id":"https:\/\/blaakors.no\/varmestua\/2020\/01\/06\/manedsbrev-desember-2019\/#breadcrumb"},"inLanguage":"nb-NO","potentialAction":[{"@type":"ReadAction","target":["https:\/\/blaakors.no\/varmestua\/2020\/01\/06\/manedsbrev-desember-2019\/"]}]},{"@type":"ImageObject","inLanguage":"nb-NO","@id":"https:\/\/blaakors.no\/varmestua\/2020\/01\/06\/manedsbrev-desember-2019\/#primaryimage","url":"https:\/\/blaakors.no\/varmestua\/wp-content\/uploads\/sites\/3\/2020\/01\/glemmen2.jpg","contentUrl":"https:\/\/blaakors.no\/varmestua\/wp-content\/uploads\/sites\/3\/2020\/01\/glemmen2.jpg","width":896,"height":672},{"@type":"BreadcrumbList","@id":"https:\/\/blaakors.no\/varmestua\/2020\/01\/06\/manedsbrev-desember-2019\/#breadcrumb","itemListElement":[{"@type":"ListItem","position":1,"name":"Hjem","item":"https:\/\/blaakors.no\/varmestua\/"},{"@type":"ListItem","position":2,"name":"M\u00e5nedsbrev desember 2019"}]},{"@type":"WebSite","@id":"https:\/\/blaakors.no\/varmestua\/#website","url":"https:\/\/blaakors.no\/varmestua\/","name":"Varmestua","description":"I sentrum st\u00e5r et menneske","publisher":{"@id":"https:\/\/blaakors.no\/varmestua\/#organization"},"potentialAction":[{"@type":"SearchAction","target":{"@type":"EntryPoint","urlTemplate":"https:\/\/blaakors.no\/varmestua\/?s={search_term_string}"},"query-input":{"@type":"PropertyValueSpecification","valueRequired":true,"valueName":"search_term_string"}}],"inLanguage":"nb-NO"},{"@type":"Organization","@id":"https:\/\/blaakors.no\/varmestua\/#organization","name":"Varmestua","url":"https:\/\/blaakors.no\/varmestua\/","logo":{"@type":"ImageObject","inLanguage":"nb-NO","@id":"https:\/\/blaakors.no\/varmestua\/#\/schema\/logo\/image\/","url":"https:\/\/blaakors.no\/varmestua\/wp-content\/uploads\/sites\/3\/2024\/09\/Bla-kors-logo-fredrikstad.svg","contentUrl":"https:\/\/blaakors.no\/varmestua\/wp-content\/uploads\/sites\/3\/2024\/09\/Bla-kors-logo-fredrikstad.svg","caption":"Varmestua"},"image":{"@id":"https:\/\/blaakors.no\/varmestua\/#\/schema\/logo\/image\/"}},{"@type":"Person","@id":"https:\/\/blaakors.no\/varmestua\/#\/schema\/person\/b4f97701537df4a065bea4a949e01b4b","name":"digital@thepitch.no","image":{"@type":"ImageObject","inLanguage":"nb-NO","@id":"https:\/\/blaakors.no\/varmestua\/#\/schema\/person\/image\/","url":"https:\/\/secure.gravatar.com\/avatar\/55e6fc7a4963b2ff255888f894e79158?s=96&d=mm&r=g","contentUrl":"https:\/\/secure.gravatar.com\/avatar\/55e6fc7a4963b2ff255888f894e79158?s=96&d=mm&r=g","caption":"digital@thepitch.no"},"sameAs":["https:\/\/blaakors.no"],"url":"https:\/\/blaakors.no\/varmestua\/author\/digitalthepitch-no\/"}]}},"_links":{"self":[{"href":"https:\/\/blaakors.no\/varmestua\/wp-json\/wp\/v2\/posts\/562","targetHints":{"allow":["GET"]}}],"collection":[{"href":"https:\/\/blaakors.no\/varmestua\/wp-json\/wp\/v2\/posts"}],"about":[{"href":"https:\/\/blaakors.no\/varmestua\/wp-json\/wp\/v2\/types\/post"}],"author":[{"embeddable":true,"href":"https:\/\/blaakors.no\/varmestua\/wp-json\/wp\/v2\/users\/1"}],"replies":[{"embeddable":true,"href":"https:\/\/blaakors.no\/varmestua\/wp-json\/wp\/v2\/comments?post=562"}],"version-history":[{"count":0,"href":"https:\/\/blaakors.no\/varmestua\/wp-json\/wp\/v2\/posts\/562\/revisions"}],"wp:featuredmedia":[{"embeddable":true,"href":"https:\/\/blaakors.no\/varmestua\/wp-json\/wp\/v2\/media\/564"}],"wp:attachment":[{"href":"https:\/\/blaakors.no\/varmestua\/wp-json\/wp\/v2\/media?parent=562"}],"wp:term":[{"taxonomy":"category","embeddable":true,"href":"https:\/\/blaakors.no\/varmestua\/wp-json\/wp\/v2\/categories?post=562"},{"taxonomy":"post_tag","embeddable":true,"href":"https:\/\/blaakors.no\/varmestua\/wp-json\/wp\/v2\/tags?post=562"}],"curies":[{"name":"wp","href":"https:\/\/api.w.org\/{rel}","templated":true}]}}