{"id":586,"date":"2020-02-10T12:19:58","date_gmt":"2020-02-10T11:19:58","guid":{"rendered":"http:\/\/blaakors.no\/varmestua\/?p=586"},"modified":"2020-02-10T12:19:58","modified_gmt":"2020-02-10T11:19:58","slug":"manedsbrev-desember-2019-2","status":"publish","type":"post","link":"https:\/\/blaakors.no\/varmestua\/2020\/02\/10\/manedsbrev-desember-2019-2\/","title":{"rendered":"M\u00e5nedsbrev januar 2020"},"content":{"rendered":"<p><strong>\u00abP\u00e5 huset\u00bb i januar:<\/strong><br \/>\n\u2022 Husm\u00f8te er avholdt som vanlig med utveksling av informasjon og meninger om hvordan vi har det her p\u00e5 stua. Spesielt fokus p\u00e5 hvordan vi vil ha det her p\u00e5 Varmestua og at vi sammen skal skape et positivt milj\u00f8.<\/p>\n<p>\u2022 15. januar var de fine elevene fra Glemmen videreg\u00e5ende skole hos oss og serverte deilig hjemmelaget mat. Det var \u00abrekord\u00bb med 27 sultne gjester p\u00e5 kveldstid og 47 serverte porsjoner!<\/p>\n<p><strong>Alternativ Fritid i januar:<\/strong><br \/>\n\u2022 Musikkafeen har g\u00e5tt sin gang. Vi \u00f8nsker at flere benytter seg av dette tilbudet som er et samarbeid med musikkterapeutene i Fredrikstad Kommune, s\u00e5 det er bare \u00e5 ta kontakt! Vi har sagt farvel med Erlend fra kommunen som har flyttet, men \u00f8nsker Daniel velkommen p\u00e5 laget.<\/p>\n<p>\u2022 Aktivitet ellers har v\u00e6rt to turer p\u00e5 kino og et popul\u00e6rt bes\u00f8k til Escape Room. Ellers har vi hatt Nintendo p\u00e5 storskjerm og brettspill.<\/p>\n<p>\u2022 Hver torsdag har vi startet med quiz. V\u00e5r Tidgiver og eminente quiz-master Eva st\u00e5r for dette hver uke og det blir mer og mer popul\u00e6rt \u00e5 v\u00e6re med og bryne seg.<\/p>\n<p><strong>Verdt \u00e5 merke seg framover:<\/strong><br \/>\n\u2022 F\u00f8rste tirsdagen i m\u00e5neden framover vil det arrangeres fast kino-bes\u00f8k.<br \/>\n\u2022 Vi f\u00e5r et gledelig gjensyn med Hepatitt C-bussen 11. februar \u2013 noe som gir flere av v\u00e5re gjester mulighet til \u00e5 teste seg og f\u00e5 behandling<\/p>\n<p>Minner ellers om at program for aktiviteter legges ut p\u00e5 Bl\u00e5 Kors sine hjemmesider slik at dere kan f\u00f8lge med p\u00e5 hva som skjer i regi av Alternativ Fritid.<\/p>\n<h5><strong>Vi p\u00e5 Varmestua trenger ogs\u00e5 alltid nye Tidgivere \u2013 kjenner du kanskje noen som kunne tenke seg \u00e5 vie tid hos oss?<\/strong><\/h5>\n<p><img loading=\"lazy\" decoding=\"async\" class=\"alignleft size-medium wp-image-588\" src=\"https:\/\/blaakors.no\/varmestua\/wp-content\/uploads\/sites\/3\/2020\/02\/glemmen3-225x300.jpg\" alt=\"\" width=\"225\" height=\"300\" srcset=\"https:\/\/blaakors.no\/varmestua\/wp-content\/uploads\/sites\/3\/2020\/02\/glemmen3-225x300.jpg 225w, https:\/\/blaakors.no\/varmestua\/wp-content\/uploads\/sites\/3\/2020\/02\/glemmen3.jpg 756w\" sizes=\"auto, (max-width: 225px) 100vw, 225px\" \/><\/p>\n","protected":false},"excerpt":{"rendered":"<p>\u00abP\u00e5 huset\u00bb i januar: \u2022 Husm\u00f8te er avholdt som vanlig med utveksling av informasjon og meninger om hvordan vi har det her p\u00e5 stua. Spesielt fokus p\u00e5 hvordan vi vil ha det her p\u00e5 Varmestua og at vi sammen skal skape et positivt milj\u00f8. \u2022 15. januar var de fine elevene fra Glemmen videreg\u00e5ende skole [&hellip;]<\/p>\n","protected":false},"author":1,"featured_media":587,"comment_status":"open","ping_status":"open","sticky":false,"template":"","format":"standard","meta":{"inline_featured_image":false,"_exactmetrics_skip_tracking":false,"_exactmetrics_sitenote_active":false,"_exactmetrics_sitenote_note":"","_exactmetrics_sitenote_category":0,"footnotes":""},"categories":[6],"tags":[],"class_list":["post-586","post","type-post","status-publish","format-standard","has-post-thumbnail","hentry","category-varmestua-i-fredrikstad"],"yoast_head":"<!-- This site is optimized with the Yoast SEO plugin v26.6 - https:\/\/yoast.com\/wordpress\/plugins\/seo\/ -->\n<title>M\u00e5nedsbrev januar 2020 - Varmestua<\/title>\n<meta name=\"robots\" content=\"index, follow, max-snippet:-1, max-image-preview:large, max-video-preview:-1\" \/>\n<link rel=\"canonical\" href=\"https:\/\/blaakors.no\/varmestua\/2020\/02\/10\/manedsbrev-desember-2019-2\/\" \/>\n<meta property=\"og:locale\" content=\"nb_NO\" \/>\n<meta property=\"og:type\" content=\"article\" \/>\n<meta property=\"og:title\" content=\"M\u00e5nedsbrev januar 2020 - Varmestua\" \/>\n<meta property=\"og:description\" content=\"\u00abP\u00e5 huset\u00bb i januar: \u2022 Husm\u00f8te er avholdt som vanlig med utveksling av informasjon og meninger om hvordan vi har det her p\u00e5 stua. Spesielt fokus p\u00e5 hvordan vi vil ha det her p\u00e5 Varmestua og at vi sammen skal skape et positivt milj\u00f8. \u2022 15. januar var de fine elevene fra Glemmen videreg\u00e5ende skole [&hellip;]\" \/>\n<meta property=\"og:url\" content=\"https:\/\/blaakors.no\/varmestua\/2020\/02\/10\/manedsbrev-desember-2019-2\/\" \/>\n<meta property=\"og:site_name\" content=\"Varmestua\" \/>\n<meta property=\"article:published_time\" content=\"2020-02-10T11:19:58+00:00\" \/>\n<meta property=\"og:image\" content=\"https:\/\/blaakors.no\/varmestua\/wp-content\/uploads\/sites\/3\/2020\/02\/escaperoom.jpg\" \/>\n\t<meta property=\"og:image:width\" content=\"960\" \/>\n\t<meta property=\"og:image:height\" content=\"720\" \/>\n\t<meta property=\"og:image:type\" content=\"image\/jpeg\" \/>\n<meta name=\"author\" content=\"digital@thepitch.no\" \/>\n<meta name=\"twitter:card\" content=\"summary_large_image\" \/>\n<meta name=\"twitter:label1\" content=\"Skrevet av\" \/>\n\t<meta name=\"twitter:data1\" content=\"digital@thepitch.no\" \/>\n\t<meta name=\"twitter:label2\" content=\"Ansl. lesetid\" \/>\n\t<meta name=\"twitter:data2\" content=\"1 minutt\" \/>\n<script type=\"application\/ld+json\" class=\"yoast-schema-graph\">{\"@context\":\"https:\/\/schema.org\",\"@graph\":[{\"@type\":\"Article\",\"@id\":\"https:\/\/blaakors.no\/varmestua\/2020\/02\/10\/manedsbrev-desember-2019-2\/#article\",\"isPartOf\":{\"@id\":\"https:\/\/blaakors.no\/varmestua\/2020\/02\/10\/manedsbrev-desember-2019-2\/\"},\"author\":{\"name\":\"digital@thepitch.no\",\"@id\":\"https:\/\/blaakors.no\/varmestua\/#\/schema\/person\/b4f97701537df4a065bea4a949e01b4b\"},\"headline\":\"M\u00e5nedsbrev januar 2020\",\"datePublished\":\"2020-02-10T11:19:58+00:00\",\"mainEntityOfPage\":{\"@id\":\"https:\/\/blaakors.no\/varmestua\/2020\/02\/10\/manedsbrev-desember-2019-2\/\"},\"wordCount\":279,\"commentCount\":0,\"publisher\":{\"@id\":\"https:\/\/blaakors.no\/varmestua\/#organization\"},\"image\":{\"@id\":\"https:\/\/blaakors.no\/varmestua\/2020\/02\/10\/manedsbrev-desember-2019-2\/#primaryimage\"},\"thumbnailUrl\":\"https:\/\/blaakors.no\/varmestua\/wp-content\/uploads\/sites\/3\/2020\/02\/escaperoom.jpg\",\"articleSection\":[\"Varmestua i Fredrikstad\"],\"inLanguage\":\"nb-NO\",\"potentialAction\":[{\"@type\":\"CommentAction\",\"name\":\"Comment\",\"target\":[\"https:\/\/blaakors.no\/varmestua\/2020\/02\/10\/manedsbrev-desember-2019-2\/#respond\"]}]},{\"@type\":\"WebPage\",\"@id\":\"https:\/\/blaakors.no\/varmestua\/2020\/02\/10\/manedsbrev-desember-2019-2\/\",\"url\":\"https:\/\/blaakors.no\/varmestua\/2020\/02\/10\/manedsbrev-desember-2019-2\/\",\"name\":\"M\u00e5nedsbrev januar 2020 - Varmestua\",\"isPartOf\":{\"@id\":\"https:\/\/blaakors.no\/varmestua\/#website\"},\"primaryImageOfPage\":{\"@id\":\"https:\/\/blaakors.no\/varmestua\/2020\/02\/10\/manedsbrev-desember-2019-2\/#primaryimage\"},\"image\":{\"@id\":\"https:\/\/blaakors.no\/varmestua\/2020\/02\/10\/manedsbrev-desember-2019-2\/#primaryimage\"},\"thumbnailUrl\":\"https:\/\/blaakors.no\/varmestua\/wp-content\/uploads\/sites\/3\/2020\/02\/escaperoom.jpg\",\"datePublished\":\"2020-02-10T11:19:58+00:00\",\"breadcrumb\":{\"@id\":\"https:\/\/blaakors.no\/varmestua\/2020\/02\/10\/manedsbrev-desember-2019-2\/#breadcrumb\"},\"inLanguage\":\"nb-NO\",\"potentialAction\":[{\"@type\":\"ReadAction\",\"target\":[\"https:\/\/blaakors.no\/varmestua\/2020\/02\/10\/manedsbrev-desember-2019-2\/\"]}]},{\"@type\":\"ImageObject\",\"inLanguage\":\"nb-NO\",\"@id\":\"https:\/\/blaakors.no\/varmestua\/2020\/02\/10\/manedsbrev-desember-2019-2\/#primaryimage\",\"url\":\"https:\/\/blaakors.no\/varmestua\/wp-content\/uploads\/sites\/3\/2020\/02\/escaperoom.jpg\",\"contentUrl\":\"https:\/\/blaakors.no\/varmestua\/wp-content\/uploads\/sites\/3\/2020\/02\/escaperoom.jpg\",\"width\":960,\"height\":720},{\"@type\":\"BreadcrumbList\",\"@id\":\"https:\/\/blaakors.no\/varmestua\/2020\/02\/10\/manedsbrev-desember-2019-2\/#breadcrumb\",\"itemListElement\":[{\"@type\":\"ListItem\",\"position\":1,\"name\":\"Hjem\",\"item\":\"https:\/\/blaakors.no\/varmestua\/\"},{\"@type\":\"ListItem\",\"position\":2,\"name\":\"M\u00e5nedsbrev januar 2020\"}]},{\"@type\":\"WebSite\",\"@id\":\"https:\/\/blaakors.no\/varmestua\/#website\",\"url\":\"https:\/\/blaakors.no\/varmestua\/\",\"name\":\"Varmestua\",\"description\":\"I sentrum st\u00e5r et menneske\",\"publisher\":{\"@id\":\"https:\/\/blaakors.no\/varmestua\/#organization\"},\"potentialAction\":[{\"@type\":\"SearchAction\",\"target\":{\"@type\":\"EntryPoint\",\"urlTemplate\":\"https:\/\/blaakors.no\/varmestua\/?s={search_term_string}\"},\"query-input\":{\"@type\":\"PropertyValueSpecification\",\"valueRequired\":true,\"valueName\":\"search_term_string\"}}],\"inLanguage\":\"nb-NO\"},{\"@type\":\"Organization\",\"@id\":\"https:\/\/blaakors.no\/varmestua\/#organization\",\"name\":\"Varmestua\",\"url\":\"https:\/\/blaakors.no\/varmestua\/\",\"logo\":{\"@type\":\"ImageObject\",\"inLanguage\":\"nb-NO\",\"@id\":\"https:\/\/blaakors.no\/varmestua\/#\/schema\/logo\/image\/\",\"url\":\"https:\/\/blaakors.no\/varmestua\/wp-content\/uploads\/sites\/3\/2024\/09\/Bla-kors-logo-fredrikstad.svg\",\"contentUrl\":\"https:\/\/blaakors.no\/varmestua\/wp-content\/uploads\/sites\/3\/2024\/09\/Bla-kors-logo-fredrikstad.svg\",\"caption\":\"Varmestua\"},\"image\":{\"@id\":\"https:\/\/blaakors.no\/varmestua\/#\/schema\/logo\/image\/\"}},{\"@type\":\"Person\",\"@id\":\"https:\/\/blaakors.no\/varmestua\/#\/schema\/person\/b4f97701537df4a065bea4a949e01b4b\",\"name\":\"digital@thepitch.no\",\"image\":{\"@type\":\"ImageObject\",\"inLanguage\":\"nb-NO\",\"@id\":\"https:\/\/blaakors.no\/varmestua\/#\/schema\/person\/image\/\",\"url\":\"https:\/\/secure.gravatar.com\/avatar\/55e6fc7a4963b2ff255888f894e79158?s=96&d=mm&r=g\",\"contentUrl\":\"https:\/\/secure.gravatar.com\/avatar\/55e6fc7a4963b2ff255888f894e79158?s=96&d=mm&r=g\",\"caption\":\"digital@thepitch.no\"},\"sameAs\":[\"https:\/\/blaakors.no\"],\"url\":\"https:\/\/blaakors.no\/varmestua\/author\/digitalthepitch-no\/\"}]}<\/script>\n<!-- \/ Yoast SEO plugin. -->","yoast_head_json":{"title":"M\u00e5nedsbrev januar 2020 - Varmestua","robots":{"index":"index","follow":"follow","max-snippet":"max-snippet:-1","max-image-preview":"max-image-preview:large","max-video-preview":"max-video-preview:-1"},"canonical":"https:\/\/blaakors.no\/varmestua\/2020\/02\/10\/manedsbrev-desember-2019-2\/","og_locale":"nb_NO","og_type":"article","og_title":"M\u00e5nedsbrev januar 2020 - Varmestua","og_description":"\u00abP\u00e5 huset\u00bb i januar: \u2022 Husm\u00f8te er avholdt som vanlig med utveksling av informasjon og meninger om hvordan vi har det her p\u00e5 stua. Spesielt fokus p\u00e5 hvordan vi vil ha det her p\u00e5 Varmestua og at vi sammen skal skape et positivt milj\u00f8. \u2022 15. januar var de fine elevene fra Glemmen videreg\u00e5ende skole [&hellip;]","og_url":"https:\/\/blaakors.no\/varmestua\/2020\/02\/10\/manedsbrev-desember-2019-2\/","og_site_name":"Varmestua","article_published_time":"2020-02-10T11:19:58+00:00","og_image":[{"width":960,"height":720,"url":"https:\/\/blaakors.no\/varmestua\/wp-content\/uploads\/sites\/3\/2020\/02\/escaperoom.jpg","type":"image\/jpeg"}],"author":"digital@thepitch.no","twitter_card":"summary_large_image","twitter_misc":{"Skrevet av":"digital@thepitch.no","Ansl. lesetid":"1 minutt"},"schema":{"@context":"https:\/\/schema.org","@graph":[{"@type":"Article","@id":"https:\/\/blaakors.no\/varmestua\/2020\/02\/10\/manedsbrev-desember-2019-2\/#article","isPartOf":{"@id":"https:\/\/blaakors.no\/varmestua\/2020\/02\/10\/manedsbrev-desember-2019-2\/"},"author":{"name":"digital@thepitch.no","@id":"https:\/\/blaakors.no\/varmestua\/#\/schema\/person\/b4f97701537df4a065bea4a949e01b4b"},"headline":"M\u00e5nedsbrev januar 2020","datePublished":"2020-02-10T11:19:58+00:00","mainEntityOfPage":{"@id":"https:\/\/blaakors.no\/varmestua\/2020\/02\/10\/manedsbrev-desember-2019-2\/"},"wordCount":279,"commentCount":0,"publisher":{"@id":"https:\/\/blaakors.no\/varmestua\/#organization"},"image":{"@id":"https:\/\/blaakors.no\/varmestua\/2020\/02\/10\/manedsbrev-desember-2019-2\/#primaryimage"},"thumbnailUrl":"https:\/\/blaakors.no\/varmestua\/wp-content\/uploads\/sites\/3\/2020\/02\/escaperoom.jpg","articleSection":["Varmestua i Fredrikstad"],"inLanguage":"nb-NO","potentialAction":[{"@type":"CommentAction","name":"Comment","target":["https:\/\/blaakors.no\/varmestua\/2020\/02\/10\/manedsbrev-desember-2019-2\/#respond"]}]},{"@type":"WebPage","@id":"https:\/\/blaakors.no\/varmestua\/2020\/02\/10\/manedsbrev-desember-2019-2\/","url":"https:\/\/blaakors.no\/varmestua\/2020\/02\/10\/manedsbrev-desember-2019-2\/","name":"M\u00e5nedsbrev januar 2020 - Varmestua","isPartOf":{"@id":"https:\/\/blaakors.no\/varmestua\/#website"},"primaryImageOfPage":{"@id":"https:\/\/blaakors.no\/varmestua\/2020\/02\/10\/manedsbrev-desember-2019-2\/#primaryimage"},"image":{"@id":"https:\/\/blaakors.no\/varmestua\/2020\/02\/10\/manedsbrev-desember-2019-2\/#primaryimage"},"thumbnailUrl":"https:\/\/blaakors.no\/varmestua\/wp-content\/uploads\/sites\/3\/2020\/02\/escaperoom.jpg","datePublished":"2020-02-10T11:19:58+00:00","breadcrumb":{"@id":"https:\/\/blaakors.no\/varmestua\/2020\/02\/10\/manedsbrev-desember-2019-2\/#breadcrumb"},"inLanguage":"nb-NO","potentialAction":[{"@type":"ReadAction","target":["https:\/\/blaakors.no\/varmestua\/2020\/02\/10\/manedsbrev-desember-2019-2\/"]}]},{"@type":"ImageObject","inLanguage":"nb-NO","@id":"https:\/\/blaakors.no\/varmestua\/2020\/02\/10\/manedsbrev-desember-2019-2\/#primaryimage","url":"https:\/\/blaakors.no\/varmestua\/wp-content\/uploads\/sites\/3\/2020\/02\/escaperoom.jpg","contentUrl":"https:\/\/blaakors.no\/varmestua\/wp-content\/uploads\/sites\/3\/2020\/02\/escaperoom.jpg","width":960,"height":720},{"@type":"BreadcrumbList","@id":"https:\/\/blaakors.no\/varmestua\/2020\/02\/10\/manedsbrev-desember-2019-2\/#breadcrumb","itemListElement":[{"@type":"ListItem","position":1,"name":"Hjem","item":"https:\/\/blaakors.no\/varmestua\/"},{"@type":"ListItem","position":2,"name":"M\u00e5nedsbrev januar 2020"}]},{"@type":"WebSite","@id":"https:\/\/blaakors.no\/varmestua\/#website","url":"https:\/\/blaakors.no\/varmestua\/","name":"Varmestua","description":"I sentrum st\u00e5r et menneske","publisher":{"@id":"https:\/\/blaakors.no\/varmestua\/#organization"},"potentialAction":[{"@type":"SearchAction","target":{"@type":"EntryPoint","urlTemplate":"https:\/\/blaakors.no\/varmestua\/?s={search_term_string}"},"query-input":{"@type":"PropertyValueSpecification","valueRequired":true,"valueName":"search_term_string"}}],"inLanguage":"nb-NO"},{"@type":"Organization","@id":"https:\/\/blaakors.no\/varmestua\/#organization","name":"Varmestua","url":"https:\/\/blaakors.no\/varmestua\/","logo":{"@type":"ImageObject","inLanguage":"nb-NO","@id":"https:\/\/blaakors.no\/varmestua\/#\/schema\/logo\/image\/","url":"https:\/\/blaakors.no\/varmestua\/wp-content\/uploads\/sites\/3\/2024\/09\/Bla-kors-logo-fredrikstad.svg","contentUrl":"https:\/\/blaakors.no\/varmestua\/wp-content\/uploads\/sites\/3\/2024\/09\/Bla-kors-logo-fredrikstad.svg","caption":"Varmestua"},"image":{"@id":"https:\/\/blaakors.no\/varmestua\/#\/schema\/logo\/image\/"}},{"@type":"Person","@id":"https:\/\/blaakors.no\/varmestua\/#\/schema\/person\/b4f97701537df4a065bea4a949e01b4b","name":"digital@thepitch.no","image":{"@type":"ImageObject","inLanguage":"nb-NO","@id":"https:\/\/blaakors.no\/varmestua\/#\/schema\/person\/image\/","url":"https:\/\/secure.gravatar.com\/avatar\/55e6fc7a4963b2ff255888f894e79158?s=96&d=mm&r=g","contentUrl":"https:\/\/secure.gravatar.com\/avatar\/55e6fc7a4963b2ff255888f894e79158?s=96&d=mm&r=g","caption":"digital@thepitch.no"},"sameAs":["https:\/\/blaakors.no"],"url":"https:\/\/blaakors.no\/varmestua\/author\/digitalthepitch-no\/"}]}},"_links":{"self":[{"href":"https:\/\/blaakors.no\/varmestua\/wp-json\/wp\/v2\/posts\/586","targetHints":{"allow":["GET"]}}],"collection":[{"href":"https:\/\/blaakors.no\/varmestua\/wp-json\/wp\/v2\/posts"}],"about":[{"href":"https:\/\/blaakors.no\/varmestua\/wp-json\/wp\/v2\/types\/post"}],"author":[{"embeddable":true,"href":"https:\/\/blaakors.no\/varmestua\/wp-json\/wp\/v2\/users\/1"}],"replies":[{"embeddable":true,"href":"https:\/\/blaakors.no\/varmestua\/wp-json\/wp\/v2\/comments?post=586"}],"version-history":[{"count":0,"href":"https:\/\/blaakors.no\/varmestua\/wp-json\/wp\/v2\/posts\/586\/revisions"}],"wp:featuredmedia":[{"embeddable":true,"href":"https:\/\/blaakors.no\/varmestua\/wp-json\/wp\/v2\/media\/587"}],"wp:attachment":[{"href":"https:\/\/blaakors.no\/varmestua\/wp-json\/wp\/v2\/media?parent=586"}],"wp:term":[{"taxonomy":"category","embeddable":true,"href":"https:\/\/blaakors.no\/varmestua\/wp-json\/wp\/v2\/categories?post=586"},{"taxonomy":"post_tag","embeddable":true,"href":"https:\/\/blaakors.no\/varmestua\/wp-json\/wp\/v2\/tags?post=586"}],"curies":[{"name":"wp","href":"https:\/\/api.w.org\/{rel}","templated":true}]}}