{"id":614,"date":"2020-03-21T06:34:36","date_gmt":"2020-03-21T05:34:36","guid":{"rendered":"http:\/\/blaakors.no\/varmestua\/?p=614"},"modified":"2020-03-21T06:34:36","modified_gmt":"2020-03-21T05:34:36","slug":"byens-varmeste-stue-stengt","status":"publish","type":"post","link":"https:\/\/blaakors.no\/varmestua\/2020\/03\/21\/byens-varmeste-stue-stengt\/","title":{"rendered":"Byens varmeste stue stengt"},"content":{"rendered":"<p>Vektsk\u00e5la veide denne gangen tyngst for selvf\u00f8lgelig \u00e5 v\u00e6re med i den nasjonale dugnaden mot smittespredning, men ogs\u00e5 for ikke \u00e5 gj\u00f8re gjestene v\u00e5re en bj\u00f8rnetjeneste.<\/p>\n<p>Varmestua er et lavterskeltilbud for byens aktive rusavhengige som tilbyr prim\u00e6rt matservering, men ogs\u00e5 en pust i bakken, hverdagslig omsorg og anerkjennelse, aktiviteter og sosionomtjeneste. Kanskje viktigst av alt, s\u00e5 tilbyr vi en kj\u00e6r sosial arena for denne m\u00e5lgruppa. Det ser vi konkret p\u00e5 hvordan dagene v\u00e5re ser ut, men ogs\u00e5 fordi v\u00e5re gjester oppgir i brukerunders\u00f8kelser at de bes\u00f8ker Varmestua nettopp p\u00e5 grunn av det sosiale. Det er en del av deres hverdagsrutine \u00e5 tilbringe noen timer hos oss. V\u00e5re gjester har v\u00e6rt hos oss lenge, er hos oss ofte, og vi kjenner dem godt.<\/p>\n<p>N\u00e5 er alt tomt, rart, stille og annerledes. Varmestua kan ikke lenger v\u00e6re et sted for ansamling av mange mennesker p\u00e5 samme tid. Tilbake sitter ansatte og Tidgivere \u2013 frivillige mennesker som gir av sin tid \u2013 med en undrende bekymring. Hvordan kan vi i disse tider v\u00e6re med \u00e5 ivareta \u00abv\u00e5re\u00bb som befinner seg midt i risikosonen; ikke bare i risikosonen for \u00e5 bli smittet og syke, men i st\u00f8rre risiko for overdoser, \u00f8kt sosial isolasjon, ensomhet, \u00f8kt rusbruk og mangel p\u00e5 livsviktigheter som mat og drikke. Har de det bra? Er de redde? Har de det de trenger av mat og medisiner? Er de ensomme? Har de nok informasjon om dette? Sp\u00f8rsm\u00e5lene er mange, og \u00f8nsket om \u00e5 bist\u00e5 er stort. B\u00e5de blant ansatte og Tidgivere som vil gj\u00f8re noe.<\/p>\n<p>Vi har ringt alle v\u00e5re gjester som vi har kontaktinformasjon til \u2013 bare for \u00e5 stille det viktige sp\u00f8rsm\u00e5let \u00abhvordan er det med deg i disse dager?\u00bb. De aller fleste forst\u00e5r at Varmestua er stengt, men noen lurer p\u00e5 om det kan v\u00e6re s\u00e5 farlig \u00e5 ha \u00e5pent da? De \u00f8nsker det vante m\u00e5ltidet og den vante sosiale settingen. Det er der bj\u00f8rnetjenesten ville kommet inn. For svaret er ja.<\/p>\n<p>Vi har ikke en samfunnskritisk posisjon, men v\u00e5re stengte d\u00f8rer kan anses kritisk for den enkelte. Selv om vi ikke kan ha d\u00f8rene v\u00e5re \u00e5pne, s\u00e5 skal vi fortsatt ivareta v\u00e5rt mandat overfor byens aktive rusavhengige. Vi m\u00e5 bare gj\u00f8re det i en annen form enn f\u00f8r. Derfor har vi teamet opp med v\u00e5r st\u00f8rste samarbeidspartner; Fredrikstad kommune, n\u00e6rmere bestemt etat Friskliv og mestring. S\u00e5 i disse dager er vi \u00e5 finne p\u00e5 hjul sammen. Vi opps\u00f8ker nettopp den enkelte som opplever dette som kritisk n\u00e5. Vi deler ut mat, brukerutstyr, hygieneartikler, viktig informasjon fra helsemyndighetene og smittevernsspakker. Ikke minst deler vi ut smil, omtanke og evnen til \u00e5 se og lytte.<\/p>\n<p>Vi ser frem til \u00e5pne d\u00f8rer og en mer normal hverdag igjen \u2013 inntil det s\u00e5 sier vi som Erna: ikke ta p\u00e5 hverandre, men ta vare p\u00e5 hverandre.<\/p>\n<p><em>Debatt publisert p\u00e5 f-b.no 20.03.2020<\/em><\/p>\n","protected":false},"excerpt":{"rendered":"<p>Vektsk\u00e5la veide denne gangen tyngst for selvf\u00f8lgelig \u00e5 v\u00e6re med i den nasjonale dugnaden mot smittespredning, men ogs\u00e5 for ikke \u00e5 gj\u00f8re gjestene v\u00e5re en bj\u00f8rnetjeneste. Varmestua er et lavterskeltilbud for byens aktive rusavhengige som tilbyr prim\u00e6rt matservering, men ogs\u00e5 en pust i bakken, hverdagslig omsorg og anerkjennelse, aktiviteter og sosionomtjeneste. Kanskje viktigst av alt, [&hellip;]<\/p>\n","protected":false},"author":1,"featured_media":203,"comment_status":"open","ping_status":"open","sticky":false,"template":"","format":"standard","meta":{"inline_featured_image":false,"_exactmetrics_skip_tracking":false,"_exactmetrics_sitenote_active":false,"_exactmetrics_sitenote_note":"","_exactmetrics_sitenote_category":0,"footnotes":""},"categories":[6],"tags":[],"class_list":["post-614","post","type-post","status-publish","format-standard","has-post-thumbnail","hentry","category-varmestua-i-fredrikstad"],"yoast_head":"<!-- This site is optimized with the Yoast SEO plugin v26.6 - https:\/\/yoast.com\/wordpress\/plugins\/seo\/ -->\n<title>Byens varmeste stue stengt - Varmestua<\/title>\n<meta name=\"robots\" content=\"index, follow, max-snippet:-1, max-image-preview:large, max-video-preview:-1\" \/>\n<link rel=\"canonical\" href=\"https:\/\/blaakors.no\/varmestua\/2020\/03\/21\/byens-varmeste-stue-stengt\/\" \/>\n<meta property=\"og:locale\" content=\"nb_NO\" \/>\n<meta property=\"og:type\" content=\"article\" \/>\n<meta property=\"og:title\" content=\"Byens varmeste stue stengt - Varmestua\" \/>\n<meta property=\"og:description\" content=\"Vektsk\u00e5la veide denne gangen tyngst for selvf\u00f8lgelig \u00e5 v\u00e6re med i den nasjonale dugnaden mot smittespredning, men ogs\u00e5 for ikke \u00e5 gj\u00f8re gjestene v\u00e5re en bj\u00f8rnetjeneste. Varmestua er et lavterskeltilbud for byens aktive rusavhengige som tilbyr prim\u00e6rt matservering, men ogs\u00e5 en pust i bakken, hverdagslig omsorg og anerkjennelse, aktiviteter og sosionomtjeneste. Kanskje viktigst av alt, [&hellip;]\" \/>\n<meta property=\"og:url\" content=\"https:\/\/blaakors.no\/varmestua\/2020\/03\/21\/byens-varmeste-stue-stengt\/\" \/>\n<meta property=\"og:site_name\" content=\"Varmestua\" \/>\n<meta property=\"article:published_time\" content=\"2020-03-21T05:34:36+00:00\" \/>\n<meta property=\"og:image\" content=\"https:\/\/blaakors.no\/varmestua\/wp-content\/uploads\/sites\/3\/2017\/06\/bygg.jpg\" \/>\n\t<meta property=\"og:image:width\" content=\"960\" \/>\n\t<meta property=\"og:image:height\" content=\"720\" \/>\n\t<meta property=\"og:image:type\" content=\"image\/jpeg\" \/>\n<meta name=\"author\" content=\"digital@thepitch.no\" \/>\n<meta name=\"twitter:card\" content=\"summary_large_image\" \/>\n<meta name=\"twitter:label1\" content=\"Skrevet av\" \/>\n\t<meta name=\"twitter:data1\" content=\"digital@thepitch.no\" \/>\n\t<meta name=\"twitter:label2\" content=\"Ansl. lesetid\" \/>\n\t<meta name=\"twitter:data2\" content=\"2 minutter\" \/>\n<script type=\"application\/ld+json\" class=\"yoast-schema-graph\">{\"@context\":\"https:\/\/schema.org\",\"@graph\":[{\"@type\":\"Article\",\"@id\":\"https:\/\/blaakors.no\/varmestua\/2020\/03\/21\/byens-varmeste-stue-stengt\/#article\",\"isPartOf\":{\"@id\":\"https:\/\/blaakors.no\/varmestua\/2020\/03\/21\/byens-varmeste-stue-stengt\/\"},\"author\":{\"name\":\"digital@thepitch.no\",\"@id\":\"https:\/\/blaakors.no\/varmestua\/#\/schema\/person\/b4f97701537df4a065bea4a949e01b4b\"},\"headline\":\"Byens varmeste stue stengt\",\"datePublished\":\"2020-03-21T05:34:36+00:00\",\"mainEntityOfPage\":{\"@id\":\"https:\/\/blaakors.no\/varmestua\/2020\/03\/21\/byens-varmeste-stue-stengt\/\"},\"wordCount\":502,\"commentCount\":0,\"publisher\":{\"@id\":\"https:\/\/blaakors.no\/varmestua\/#organization\"},\"image\":{\"@id\":\"https:\/\/blaakors.no\/varmestua\/2020\/03\/21\/byens-varmeste-stue-stengt\/#primaryimage\"},\"thumbnailUrl\":\"https:\/\/blaakors.no\/varmestua\/wp-content\/uploads\/sites\/3\/2017\/06\/bygg.jpg\",\"articleSection\":[\"Varmestua i Fredrikstad\"],\"inLanguage\":\"nb-NO\",\"potentialAction\":[{\"@type\":\"CommentAction\",\"name\":\"Comment\",\"target\":[\"https:\/\/blaakors.no\/varmestua\/2020\/03\/21\/byens-varmeste-stue-stengt\/#respond\"]}]},{\"@type\":\"WebPage\",\"@id\":\"https:\/\/blaakors.no\/varmestua\/2020\/03\/21\/byens-varmeste-stue-stengt\/\",\"url\":\"https:\/\/blaakors.no\/varmestua\/2020\/03\/21\/byens-varmeste-stue-stengt\/\",\"name\":\"Byens varmeste stue stengt - Varmestua\",\"isPartOf\":{\"@id\":\"https:\/\/blaakors.no\/varmestua\/#website\"},\"primaryImageOfPage\":{\"@id\":\"https:\/\/blaakors.no\/varmestua\/2020\/03\/21\/byens-varmeste-stue-stengt\/#primaryimage\"},\"image\":{\"@id\":\"https:\/\/blaakors.no\/varmestua\/2020\/03\/21\/byens-varmeste-stue-stengt\/#primaryimage\"},\"thumbnailUrl\":\"https:\/\/blaakors.no\/varmestua\/wp-content\/uploads\/sites\/3\/2017\/06\/bygg.jpg\",\"datePublished\":\"2020-03-21T05:34:36+00:00\",\"breadcrumb\":{\"@id\":\"https:\/\/blaakors.no\/varmestua\/2020\/03\/21\/byens-varmeste-stue-stengt\/#breadcrumb\"},\"inLanguage\":\"nb-NO\",\"potentialAction\":[{\"@type\":\"ReadAction\",\"target\":[\"https:\/\/blaakors.no\/varmestua\/2020\/03\/21\/byens-varmeste-stue-stengt\/\"]}]},{\"@type\":\"ImageObject\",\"inLanguage\":\"nb-NO\",\"@id\":\"https:\/\/blaakors.no\/varmestua\/2020\/03\/21\/byens-varmeste-stue-stengt\/#primaryimage\",\"url\":\"https:\/\/blaakors.no\/varmestua\/wp-content\/uploads\/sites\/3\/2017\/06\/bygg.jpg\",\"contentUrl\":\"https:\/\/blaakors.no\/varmestua\/wp-content\/uploads\/sites\/3\/2017\/06\/bygg.jpg\",\"width\":960,\"height\":720},{\"@type\":\"BreadcrumbList\",\"@id\":\"https:\/\/blaakors.no\/varmestua\/2020\/03\/21\/byens-varmeste-stue-stengt\/#breadcrumb\",\"itemListElement\":[{\"@type\":\"ListItem\",\"position\":1,\"name\":\"Hjem\",\"item\":\"https:\/\/blaakors.no\/varmestua\/\"},{\"@type\":\"ListItem\",\"position\":2,\"name\":\"Byens varmeste stue stengt\"}]},{\"@type\":\"WebSite\",\"@id\":\"https:\/\/blaakors.no\/varmestua\/#website\",\"url\":\"https:\/\/blaakors.no\/varmestua\/\",\"name\":\"Varmestua\",\"description\":\"I sentrum st\u00e5r et menneske\",\"publisher\":{\"@id\":\"https:\/\/blaakors.no\/varmestua\/#organization\"},\"potentialAction\":[{\"@type\":\"SearchAction\",\"target\":{\"@type\":\"EntryPoint\",\"urlTemplate\":\"https:\/\/blaakors.no\/varmestua\/?s={search_term_string}\"},\"query-input\":{\"@type\":\"PropertyValueSpecification\",\"valueRequired\":true,\"valueName\":\"search_term_string\"}}],\"inLanguage\":\"nb-NO\"},{\"@type\":\"Organization\",\"@id\":\"https:\/\/blaakors.no\/varmestua\/#organization\",\"name\":\"Varmestua\",\"url\":\"https:\/\/blaakors.no\/varmestua\/\",\"logo\":{\"@type\":\"ImageObject\",\"inLanguage\":\"nb-NO\",\"@id\":\"https:\/\/blaakors.no\/varmestua\/#\/schema\/logo\/image\/\",\"url\":\"https:\/\/blaakors.no\/varmestua\/wp-content\/uploads\/sites\/3\/2024\/09\/Bla-kors-logo-fredrikstad.svg\",\"contentUrl\":\"https:\/\/blaakors.no\/varmestua\/wp-content\/uploads\/sites\/3\/2024\/09\/Bla-kors-logo-fredrikstad.svg\",\"caption\":\"Varmestua\"},\"image\":{\"@id\":\"https:\/\/blaakors.no\/varmestua\/#\/schema\/logo\/image\/\"}},{\"@type\":\"Person\",\"@id\":\"https:\/\/blaakors.no\/varmestua\/#\/schema\/person\/b4f97701537df4a065bea4a949e01b4b\",\"name\":\"digital@thepitch.no\",\"image\":{\"@type\":\"ImageObject\",\"inLanguage\":\"nb-NO\",\"@id\":\"https:\/\/blaakors.no\/varmestua\/#\/schema\/person\/image\/\",\"url\":\"https:\/\/secure.gravatar.com\/avatar\/55e6fc7a4963b2ff255888f894e79158?s=96&d=mm&r=g\",\"contentUrl\":\"https:\/\/secure.gravatar.com\/avatar\/55e6fc7a4963b2ff255888f894e79158?s=96&d=mm&r=g\",\"caption\":\"digital@thepitch.no\"},\"sameAs\":[\"https:\/\/blaakors.no\"],\"url\":\"https:\/\/blaakors.no\/varmestua\/author\/digitalthepitch-no\/\"}]}<\/script>\n<!-- \/ Yoast SEO plugin. -->","yoast_head_json":{"title":"Byens varmeste stue stengt - Varmestua","robots":{"index":"index","follow":"follow","max-snippet":"max-snippet:-1","max-image-preview":"max-image-preview:large","max-video-preview":"max-video-preview:-1"},"canonical":"https:\/\/blaakors.no\/varmestua\/2020\/03\/21\/byens-varmeste-stue-stengt\/","og_locale":"nb_NO","og_type":"article","og_title":"Byens varmeste stue stengt - Varmestua","og_description":"Vektsk\u00e5la veide denne gangen tyngst for selvf\u00f8lgelig \u00e5 v\u00e6re med i den nasjonale dugnaden mot smittespredning, men ogs\u00e5 for ikke \u00e5 gj\u00f8re gjestene v\u00e5re en bj\u00f8rnetjeneste. Varmestua er et lavterskeltilbud for byens aktive rusavhengige som tilbyr prim\u00e6rt matservering, men ogs\u00e5 en pust i bakken, hverdagslig omsorg og anerkjennelse, aktiviteter og sosionomtjeneste. Kanskje viktigst av alt, [&hellip;]","og_url":"https:\/\/blaakors.no\/varmestua\/2020\/03\/21\/byens-varmeste-stue-stengt\/","og_site_name":"Varmestua","article_published_time":"2020-03-21T05:34:36+00:00","og_image":[{"width":960,"height":720,"url":"https:\/\/blaakors.no\/varmestua\/wp-content\/uploads\/sites\/3\/2017\/06\/bygg.jpg","type":"image\/jpeg"}],"author":"digital@thepitch.no","twitter_card":"summary_large_image","twitter_misc":{"Skrevet av":"digital@thepitch.no","Ansl. lesetid":"2 minutter"},"schema":{"@context":"https:\/\/schema.org","@graph":[{"@type":"Article","@id":"https:\/\/blaakors.no\/varmestua\/2020\/03\/21\/byens-varmeste-stue-stengt\/#article","isPartOf":{"@id":"https:\/\/blaakors.no\/varmestua\/2020\/03\/21\/byens-varmeste-stue-stengt\/"},"author":{"name":"digital@thepitch.no","@id":"https:\/\/blaakors.no\/varmestua\/#\/schema\/person\/b4f97701537df4a065bea4a949e01b4b"},"headline":"Byens varmeste stue stengt","datePublished":"2020-03-21T05:34:36+00:00","mainEntityOfPage":{"@id":"https:\/\/blaakors.no\/varmestua\/2020\/03\/21\/byens-varmeste-stue-stengt\/"},"wordCount":502,"commentCount":0,"publisher":{"@id":"https:\/\/blaakors.no\/varmestua\/#organization"},"image":{"@id":"https:\/\/blaakors.no\/varmestua\/2020\/03\/21\/byens-varmeste-stue-stengt\/#primaryimage"},"thumbnailUrl":"https:\/\/blaakors.no\/varmestua\/wp-content\/uploads\/sites\/3\/2017\/06\/bygg.jpg","articleSection":["Varmestua i Fredrikstad"],"inLanguage":"nb-NO","potentialAction":[{"@type":"CommentAction","name":"Comment","target":["https:\/\/blaakors.no\/varmestua\/2020\/03\/21\/byens-varmeste-stue-stengt\/#respond"]}]},{"@type":"WebPage","@id":"https:\/\/blaakors.no\/varmestua\/2020\/03\/21\/byens-varmeste-stue-stengt\/","url":"https:\/\/blaakors.no\/varmestua\/2020\/03\/21\/byens-varmeste-stue-stengt\/","name":"Byens varmeste stue stengt - Varmestua","isPartOf":{"@id":"https:\/\/blaakors.no\/varmestua\/#website"},"primaryImageOfPage":{"@id":"https:\/\/blaakors.no\/varmestua\/2020\/03\/21\/byens-varmeste-stue-stengt\/#primaryimage"},"image":{"@id":"https:\/\/blaakors.no\/varmestua\/2020\/03\/21\/byens-varmeste-stue-stengt\/#primaryimage"},"thumbnailUrl":"https:\/\/blaakors.no\/varmestua\/wp-content\/uploads\/sites\/3\/2017\/06\/bygg.jpg","datePublished":"2020-03-21T05:34:36+00:00","breadcrumb":{"@id":"https:\/\/blaakors.no\/varmestua\/2020\/03\/21\/byens-varmeste-stue-stengt\/#breadcrumb"},"inLanguage":"nb-NO","potentialAction":[{"@type":"ReadAction","target":["https:\/\/blaakors.no\/varmestua\/2020\/03\/21\/byens-varmeste-stue-stengt\/"]}]},{"@type":"ImageObject","inLanguage":"nb-NO","@id":"https:\/\/blaakors.no\/varmestua\/2020\/03\/21\/byens-varmeste-stue-stengt\/#primaryimage","url":"https:\/\/blaakors.no\/varmestua\/wp-content\/uploads\/sites\/3\/2017\/06\/bygg.jpg","contentUrl":"https:\/\/blaakors.no\/varmestua\/wp-content\/uploads\/sites\/3\/2017\/06\/bygg.jpg","width":960,"height":720},{"@type":"BreadcrumbList","@id":"https:\/\/blaakors.no\/varmestua\/2020\/03\/21\/byens-varmeste-stue-stengt\/#breadcrumb","itemListElement":[{"@type":"ListItem","position":1,"name":"Hjem","item":"https:\/\/blaakors.no\/varmestua\/"},{"@type":"ListItem","position":2,"name":"Byens varmeste stue stengt"}]},{"@type":"WebSite","@id":"https:\/\/blaakors.no\/varmestua\/#website","url":"https:\/\/blaakors.no\/varmestua\/","name":"Varmestua","description":"I sentrum st\u00e5r et menneske","publisher":{"@id":"https:\/\/blaakors.no\/varmestua\/#organization"},"potentialAction":[{"@type":"SearchAction","target":{"@type":"EntryPoint","urlTemplate":"https:\/\/blaakors.no\/varmestua\/?s={search_term_string}"},"query-input":{"@type":"PropertyValueSpecification","valueRequired":true,"valueName":"search_term_string"}}],"inLanguage":"nb-NO"},{"@type":"Organization","@id":"https:\/\/blaakors.no\/varmestua\/#organization","name":"Varmestua","url":"https:\/\/blaakors.no\/varmestua\/","logo":{"@type":"ImageObject","inLanguage":"nb-NO","@id":"https:\/\/blaakors.no\/varmestua\/#\/schema\/logo\/image\/","url":"https:\/\/blaakors.no\/varmestua\/wp-content\/uploads\/sites\/3\/2024\/09\/Bla-kors-logo-fredrikstad.svg","contentUrl":"https:\/\/blaakors.no\/varmestua\/wp-content\/uploads\/sites\/3\/2024\/09\/Bla-kors-logo-fredrikstad.svg","caption":"Varmestua"},"image":{"@id":"https:\/\/blaakors.no\/varmestua\/#\/schema\/logo\/image\/"}},{"@type":"Person","@id":"https:\/\/blaakors.no\/varmestua\/#\/schema\/person\/b4f97701537df4a065bea4a949e01b4b","name":"digital@thepitch.no","image":{"@type":"ImageObject","inLanguage":"nb-NO","@id":"https:\/\/blaakors.no\/varmestua\/#\/schema\/person\/image\/","url":"https:\/\/secure.gravatar.com\/avatar\/55e6fc7a4963b2ff255888f894e79158?s=96&d=mm&r=g","contentUrl":"https:\/\/secure.gravatar.com\/avatar\/55e6fc7a4963b2ff255888f894e79158?s=96&d=mm&r=g","caption":"digital@thepitch.no"},"sameAs":["https:\/\/blaakors.no"],"url":"https:\/\/blaakors.no\/varmestua\/author\/digitalthepitch-no\/"}]}},"_links":{"self":[{"href":"https:\/\/blaakors.no\/varmestua\/wp-json\/wp\/v2\/posts\/614","targetHints":{"allow":["GET"]}}],"collection":[{"href":"https:\/\/blaakors.no\/varmestua\/wp-json\/wp\/v2\/posts"}],"about":[{"href":"https:\/\/blaakors.no\/varmestua\/wp-json\/wp\/v2\/types\/post"}],"author":[{"embeddable":true,"href":"https:\/\/blaakors.no\/varmestua\/wp-json\/wp\/v2\/users\/1"}],"replies":[{"embeddable":true,"href":"https:\/\/blaakors.no\/varmestua\/wp-json\/wp\/v2\/comments?post=614"}],"version-history":[{"count":0,"href":"https:\/\/blaakors.no\/varmestua\/wp-json\/wp\/v2\/posts\/614\/revisions"}],"wp:featuredmedia":[{"embeddable":true,"href":"https:\/\/blaakors.no\/varmestua\/wp-json\/wp\/v2\/media\/203"}],"wp:attachment":[{"href":"https:\/\/blaakors.no\/varmestua\/wp-json\/wp\/v2\/media?parent=614"}],"wp:term":[{"taxonomy":"category","embeddable":true,"href":"https:\/\/blaakors.no\/varmestua\/wp-json\/wp\/v2\/categories?post=614"},{"taxonomy":"post_tag","embeddable":true,"href":"https:\/\/blaakors.no\/varmestua\/wp-json\/wp\/v2\/tags?post=614"}],"curies":[{"name":"wp","href":"https:\/\/api.w.org\/{rel}","templated":true}]}}