{"id":625,"date":"2020-05-07T12:48:58","date_gmt":"2020-05-07T10:48:58","guid":{"rendered":"http:\/\/blaakors.no\/varmestua\/?p=625"},"modified":"2020-05-07T12:48:58","modified_gmt":"2020-05-07T10:48:58","slug":"manedsbrev-april-2020","status":"publish","type":"post","link":"https:\/\/blaakors.no\/varmestua\/2020\/05\/07\/manedsbrev-april-2020\/","title":{"rendered":"M\u00e5nedsbrev april 2020"},"content":{"rendered":"<p>Vi \u00f8nsker \u00e5 gj\u00f8re samarbeidspartnere og \u00abvenner\u00bb av Varmestua mer oppdatert p\u00e5 hva som skjer hos oss! Derfor lager vi m\u00e5nedsbrev som gir et viktig innblikk i hvordan vi har det her p\u00e5 \u00abstua\u00bb og hva som skjer. Minner ogs\u00e5 om linken som gir oversikt over kommende aktiviteter. Det er bare \u00e5 ta kontakt med oss dersom dere tenker at v\u00e5rt tilbud er relevant for noen dere kjenner, eller om dere \u00f8nsker mer informasjon.<\/p>\n<p><img loading=\"lazy\" decoding=\"async\" class=\"alignleft size-full wp-image-629\" src=\"https:\/\/blaakors.no\/varmestua\/wp-content\/uploads\/sites\/3\/2020\/05\/Plakat-e1588848334596.jpg\" alt=\"\" width=\"433\" height=\"577\" srcset=\"https:\/\/blaakors.no\/varmestua\/wp-content\/uploads\/sites\/3\/2020\/05\/Plakat-e1588848334596.jpg 433w, https:\/\/blaakors.no\/varmestua\/wp-content\/uploads\/sites\/3\/2020\/05\/Plakat-e1588848334596-225x300.jpg 225w\" sizes=\"auto, (max-width: 433px) 100vw, 433px\" \/>Varmestua har i hele april v\u00e6rt stengt for gjestene v\u00e5re. Vi har bidratt inn i den nasjonale dugnaden og tatt smittevernet p\u00e5 h\u00f8yeste alvor. Men det har v\u00e6rt trist. Det gule trehuset i sentrum er vanligvis fylt med gjester, Tidgivere og masse kj\u00e6rlighet. I hele april har det kun v\u00e6rt s\u00e5pe, vann og en og annen ansatt.<\/p>\n<p>Gjester og Tidgivere, VI SAVNER DERE!<\/p>\n<p>Vi har i denne perioden hatt et meget godt og tett samarbeid med Fredrikstad kommune, etat friskliv og mestring. P\u00e5 alle hverdager har vi sammen kj\u00f8rt ut matpakker, hygieneartikler og brukerutstyr til 45 adresser i hele Fredrikstad. Det har v\u00e6rt hyggelige og n\u00f8dvendige m\u00f8ter \u2013 for varmestua har det v\u00e6rt l\u00e6rerikt og treffe gjestene v\u00e5re p\u00e5 andre arenaer, n\u00e5 har vi v\u00e6rt p\u00e5 hjemmebes\u00f8k hos de som er s\u00e5 godt kjent i v\u00e5r stue.<\/p>\n<p>Onsdagen f\u00f8r p\u00e5ske lagde Varmestua ekstra fine matposer som alle fikk utdelt, her var det b\u00e5de p\u00e5skegodt, p\u00e5legg, middag og rundstykker.\u00a0Gjennom hele denne perioden har vi ogs\u00e5 delt ut mat til de som har henvendt seg direkte til Varmestua, de har f\u00e5tt med seg en pose med mat. V\u00e5re gjester har hatt f\u00f8rste prioritet selv om vi har stengt.<\/p>\n<p>5. mai \u00e5pnet vi d\u00f8ra til Varmestua opp p\u00e5 gl\u00f8tt. To av v\u00e5re fine Tidgivere smurte opp matpakker og kokte kaffe. Fra kl 10 til 12 delte vi ut kaffe og matpakker og slo av en prat med de som \u00f8nsket det. I tr\u00e5d med at Varmestua n\u00e5 sakte men sikkert \u00e5pner opp, reduseres tilbudet med utkj\u00f8ring \u2013 fra fem til tre dager.<\/p>\n<p>Som det ble skrevet om i Fredrikstad Blad har vi f\u00e5tt varsler fra Helsedirektoratet om kutt i st\u00f8tten v\u00e5r. Dette rammer gjestene v\u00e5re i form av et d\u00e5rligere tilbud.<\/p>\n<p>Det er veldig synd om vi m\u00e5 redusere tilbudet som vi har brukt tid p\u00e5 \u00e5 etablere og som er verdifullt og viktig for v\u00e5re gjester. Vi h\u00e5per at lokale politikere kan framsnakke oss s\u00e5nn at vi kan fortsette med det viktige arbeidet vi gj\u00f8r p\u00e5 Varmestua<\/p>\n<p>Les hele saken her.<\/p>\n<p><a href=\"https:\/\/www.f-b.no\/bla-kors-mister-nesten-tre-av-ti-kroner-i-stotte-rammer-dem-som-trenger-det-som-mest-i-fredrikstad\/s\/5-59-1837805?access=granted\">https:\/\/www.f-b.no\/bla-kors-mister-nesten-tre-av-ti-kroner-i-stotte-rammer-dem-som-trenger-det-som-mest-i-fredrikstad\/s\/5-59-1837805?access=granted<\/a><\/p>\n<p>Nyt v\u00e5ren som er her!<\/p>\n","protected":false},"excerpt":{"rendered":"<p>Vi \u00f8nsker \u00e5 gj\u00f8re samarbeidspartnere og \u00abvenner\u00bb av Varmestua mer oppdatert p\u00e5 hva som skjer hos oss! Derfor lager vi m\u00e5nedsbrev som gir et viktig innblikk i hvordan vi har det her p\u00e5 \u00abstua\u00bb og hva som skjer. Minner ogs\u00e5 om linken som gir oversikt over kommende aktiviteter. Det er bare \u00e5 ta kontakt med [&hellip;]<\/p>\n","protected":false},"author":1,"featured_media":630,"comment_status":"open","ping_status":"open","sticky":false,"template":"","format":"standard","meta":{"inline_featured_image":false,"_exactmetrics_skip_tracking":false,"_exactmetrics_sitenote_active":false,"_exactmetrics_sitenote_note":"","_exactmetrics_sitenote_category":0,"footnotes":""},"categories":[6],"tags":[],"class_list":["post-625","post","type-post","status-publish","format-standard","has-post-thumbnail","hentry","category-varmestua-i-fredrikstad"],"yoast_head":"<!-- This site is optimized with the Yoast SEO plugin v26.6 - https:\/\/yoast.com\/wordpress\/plugins\/seo\/ -->\n<title>M\u00e5nedsbrev april 2020 - Varmestua<\/title>\n<meta name=\"robots\" content=\"index, follow, max-snippet:-1, max-image-preview:large, max-video-preview:-1\" \/>\n<link rel=\"canonical\" href=\"https:\/\/blaakors.no\/varmestua\/2020\/05\/07\/manedsbrev-april-2020\/\" \/>\n<meta property=\"og:locale\" content=\"nb_NO\" \/>\n<meta property=\"og:type\" content=\"article\" \/>\n<meta property=\"og:title\" content=\"M\u00e5nedsbrev april 2020 - Varmestua\" \/>\n<meta property=\"og:description\" content=\"Vi \u00f8nsker \u00e5 gj\u00f8re samarbeidspartnere og \u00abvenner\u00bb av Varmestua mer oppdatert p\u00e5 hva som skjer hos oss! Derfor lager vi m\u00e5nedsbrev som gir et viktig innblikk i hvordan vi har det her p\u00e5 \u00abstua\u00bb og hva som skjer. Minner ogs\u00e5 om linken som gir oversikt over kommende aktiviteter. Det er bare \u00e5 ta kontakt med [&hellip;]\" \/>\n<meta property=\"og:url\" content=\"https:\/\/blaakors.no\/varmestua\/2020\/05\/07\/manedsbrev-april-2020\/\" \/>\n<meta property=\"og:site_name\" content=\"Varmestua\" \/>\n<meta property=\"article:published_time\" content=\"2020-05-07T10:48:58+00:00\" \/>\n<meta property=\"og:image\" content=\"https:\/\/blaakors.no\/varmestua\/wp-content\/uploads\/sites\/3\/2020\/05\/Matpakker.jpg\" \/>\n\t<meta property=\"og:image:width\" content=\"670\" \/>\n\t<meta property=\"og:image:height\" content=\"502\" \/>\n\t<meta property=\"og:image:type\" content=\"image\/jpeg\" \/>\n<meta name=\"author\" content=\"digital@thepitch.no\" \/>\n<meta name=\"twitter:card\" content=\"summary_large_image\" \/>\n<meta name=\"twitter:label1\" content=\"Skrevet av\" \/>\n\t<meta name=\"twitter:data1\" content=\"digital@thepitch.no\" \/>\n\t<meta name=\"twitter:label2\" content=\"Ansl. lesetid\" \/>\n\t<meta name=\"twitter:data2\" content=\"2 minutter\" \/>\n<script type=\"application\/ld+json\" class=\"yoast-schema-graph\">{\"@context\":\"https:\/\/schema.org\",\"@graph\":[{\"@type\":\"Article\",\"@id\":\"https:\/\/blaakors.no\/varmestua\/2020\/05\/07\/manedsbrev-april-2020\/#article\",\"isPartOf\":{\"@id\":\"https:\/\/blaakors.no\/varmestua\/2020\/05\/07\/manedsbrev-april-2020\/\"},\"author\":{\"name\":\"digital@thepitch.no\",\"@id\":\"https:\/\/blaakors.no\/varmestua\/#\/schema\/person\/b4f97701537df4a065bea4a949e01b4b\"},\"headline\":\"M\u00e5nedsbrev april 2020\",\"datePublished\":\"2020-05-07T10:48:58+00:00\",\"mainEntityOfPage\":{\"@id\":\"https:\/\/blaakors.no\/varmestua\/2020\/05\/07\/manedsbrev-april-2020\/\"},\"wordCount\":466,\"commentCount\":0,\"publisher\":{\"@id\":\"https:\/\/blaakors.no\/varmestua\/#organization\"},\"image\":{\"@id\":\"https:\/\/blaakors.no\/varmestua\/2020\/05\/07\/manedsbrev-april-2020\/#primaryimage\"},\"thumbnailUrl\":\"https:\/\/blaakors.no\/varmestua\/wp-content\/uploads\/sites\/3\/2020\/05\/Matpakker.jpg\",\"articleSection\":[\"Varmestua i Fredrikstad\"],\"inLanguage\":\"nb-NO\",\"potentialAction\":[{\"@type\":\"CommentAction\",\"name\":\"Comment\",\"target\":[\"https:\/\/blaakors.no\/varmestua\/2020\/05\/07\/manedsbrev-april-2020\/#respond\"]}]},{\"@type\":\"WebPage\",\"@id\":\"https:\/\/blaakors.no\/varmestua\/2020\/05\/07\/manedsbrev-april-2020\/\",\"url\":\"https:\/\/blaakors.no\/varmestua\/2020\/05\/07\/manedsbrev-april-2020\/\",\"name\":\"M\u00e5nedsbrev april 2020 - Varmestua\",\"isPartOf\":{\"@id\":\"https:\/\/blaakors.no\/varmestua\/#website\"},\"primaryImageOfPage\":{\"@id\":\"https:\/\/blaakors.no\/varmestua\/2020\/05\/07\/manedsbrev-april-2020\/#primaryimage\"},\"image\":{\"@id\":\"https:\/\/blaakors.no\/varmestua\/2020\/05\/07\/manedsbrev-april-2020\/#primaryimage\"},\"thumbnailUrl\":\"https:\/\/blaakors.no\/varmestua\/wp-content\/uploads\/sites\/3\/2020\/05\/Matpakker.jpg\",\"datePublished\":\"2020-05-07T10:48:58+00:00\",\"breadcrumb\":{\"@id\":\"https:\/\/blaakors.no\/varmestua\/2020\/05\/07\/manedsbrev-april-2020\/#breadcrumb\"},\"inLanguage\":\"nb-NO\",\"potentialAction\":[{\"@type\":\"ReadAction\",\"target\":[\"https:\/\/blaakors.no\/varmestua\/2020\/05\/07\/manedsbrev-april-2020\/\"]}]},{\"@type\":\"ImageObject\",\"inLanguage\":\"nb-NO\",\"@id\":\"https:\/\/blaakors.no\/varmestua\/2020\/05\/07\/manedsbrev-april-2020\/#primaryimage\",\"url\":\"https:\/\/blaakors.no\/varmestua\/wp-content\/uploads\/sites\/3\/2020\/05\/Matpakker.jpg\",\"contentUrl\":\"https:\/\/blaakors.no\/varmestua\/wp-content\/uploads\/sites\/3\/2020\/05\/Matpakker.jpg\",\"width\":670,\"height\":502},{\"@type\":\"BreadcrumbList\",\"@id\":\"https:\/\/blaakors.no\/varmestua\/2020\/05\/07\/manedsbrev-april-2020\/#breadcrumb\",\"itemListElement\":[{\"@type\":\"ListItem\",\"position\":1,\"name\":\"Hjem\",\"item\":\"https:\/\/blaakors.no\/varmestua\/\"},{\"@type\":\"ListItem\",\"position\":2,\"name\":\"M\u00e5nedsbrev april 2020\"}]},{\"@type\":\"WebSite\",\"@id\":\"https:\/\/blaakors.no\/varmestua\/#website\",\"url\":\"https:\/\/blaakors.no\/varmestua\/\",\"name\":\"Varmestua\",\"description\":\"I sentrum st\u00e5r et menneske\",\"publisher\":{\"@id\":\"https:\/\/blaakors.no\/varmestua\/#organization\"},\"potentialAction\":[{\"@type\":\"SearchAction\",\"target\":{\"@type\":\"EntryPoint\",\"urlTemplate\":\"https:\/\/blaakors.no\/varmestua\/?s={search_term_string}\"},\"query-input\":{\"@type\":\"PropertyValueSpecification\",\"valueRequired\":true,\"valueName\":\"search_term_string\"}}],\"inLanguage\":\"nb-NO\"},{\"@type\":\"Organization\",\"@id\":\"https:\/\/blaakors.no\/varmestua\/#organization\",\"name\":\"Varmestua\",\"url\":\"https:\/\/blaakors.no\/varmestua\/\",\"logo\":{\"@type\":\"ImageObject\",\"inLanguage\":\"nb-NO\",\"@id\":\"https:\/\/blaakors.no\/varmestua\/#\/schema\/logo\/image\/\",\"url\":\"https:\/\/blaakors.no\/varmestua\/wp-content\/uploads\/sites\/3\/2024\/09\/Bla-kors-logo-fredrikstad.svg\",\"contentUrl\":\"https:\/\/blaakors.no\/varmestua\/wp-content\/uploads\/sites\/3\/2024\/09\/Bla-kors-logo-fredrikstad.svg\",\"caption\":\"Varmestua\"},\"image\":{\"@id\":\"https:\/\/blaakors.no\/varmestua\/#\/schema\/logo\/image\/\"}},{\"@type\":\"Person\",\"@id\":\"https:\/\/blaakors.no\/varmestua\/#\/schema\/person\/b4f97701537df4a065bea4a949e01b4b\",\"name\":\"digital@thepitch.no\",\"image\":{\"@type\":\"ImageObject\",\"inLanguage\":\"nb-NO\",\"@id\":\"https:\/\/blaakors.no\/varmestua\/#\/schema\/person\/image\/\",\"url\":\"https:\/\/secure.gravatar.com\/avatar\/55e6fc7a4963b2ff255888f894e79158?s=96&d=mm&r=g\",\"contentUrl\":\"https:\/\/secure.gravatar.com\/avatar\/55e6fc7a4963b2ff255888f894e79158?s=96&d=mm&r=g\",\"caption\":\"digital@thepitch.no\"},\"sameAs\":[\"https:\/\/blaakors.no\"],\"url\":\"https:\/\/blaakors.no\/varmestua\/author\/digitalthepitch-no\/\"}]}<\/script>\n<!-- \/ Yoast SEO plugin. -->","yoast_head_json":{"title":"M\u00e5nedsbrev april 2020 - Varmestua","robots":{"index":"index","follow":"follow","max-snippet":"max-snippet:-1","max-image-preview":"max-image-preview:large","max-video-preview":"max-video-preview:-1"},"canonical":"https:\/\/blaakors.no\/varmestua\/2020\/05\/07\/manedsbrev-april-2020\/","og_locale":"nb_NO","og_type":"article","og_title":"M\u00e5nedsbrev april 2020 - Varmestua","og_description":"Vi \u00f8nsker \u00e5 gj\u00f8re samarbeidspartnere og \u00abvenner\u00bb av Varmestua mer oppdatert p\u00e5 hva som skjer hos oss! Derfor lager vi m\u00e5nedsbrev som gir et viktig innblikk i hvordan vi har det her p\u00e5 \u00abstua\u00bb og hva som skjer. Minner ogs\u00e5 om linken som gir oversikt over kommende aktiviteter. Det er bare \u00e5 ta kontakt med [&hellip;]","og_url":"https:\/\/blaakors.no\/varmestua\/2020\/05\/07\/manedsbrev-april-2020\/","og_site_name":"Varmestua","article_published_time":"2020-05-07T10:48:58+00:00","og_image":[{"width":670,"height":502,"url":"https:\/\/blaakors.no\/varmestua\/wp-content\/uploads\/sites\/3\/2020\/05\/Matpakker.jpg","type":"image\/jpeg"}],"author":"digital@thepitch.no","twitter_card":"summary_large_image","twitter_misc":{"Skrevet av":"digital@thepitch.no","Ansl. lesetid":"2 minutter"},"schema":{"@context":"https:\/\/schema.org","@graph":[{"@type":"Article","@id":"https:\/\/blaakors.no\/varmestua\/2020\/05\/07\/manedsbrev-april-2020\/#article","isPartOf":{"@id":"https:\/\/blaakors.no\/varmestua\/2020\/05\/07\/manedsbrev-april-2020\/"},"author":{"name":"digital@thepitch.no","@id":"https:\/\/blaakors.no\/varmestua\/#\/schema\/person\/b4f97701537df4a065bea4a949e01b4b"},"headline":"M\u00e5nedsbrev april 2020","datePublished":"2020-05-07T10:48:58+00:00","mainEntityOfPage":{"@id":"https:\/\/blaakors.no\/varmestua\/2020\/05\/07\/manedsbrev-april-2020\/"},"wordCount":466,"commentCount":0,"publisher":{"@id":"https:\/\/blaakors.no\/varmestua\/#organization"},"image":{"@id":"https:\/\/blaakors.no\/varmestua\/2020\/05\/07\/manedsbrev-april-2020\/#primaryimage"},"thumbnailUrl":"https:\/\/blaakors.no\/varmestua\/wp-content\/uploads\/sites\/3\/2020\/05\/Matpakker.jpg","articleSection":["Varmestua i Fredrikstad"],"inLanguage":"nb-NO","potentialAction":[{"@type":"CommentAction","name":"Comment","target":["https:\/\/blaakors.no\/varmestua\/2020\/05\/07\/manedsbrev-april-2020\/#respond"]}]},{"@type":"WebPage","@id":"https:\/\/blaakors.no\/varmestua\/2020\/05\/07\/manedsbrev-april-2020\/","url":"https:\/\/blaakors.no\/varmestua\/2020\/05\/07\/manedsbrev-april-2020\/","name":"M\u00e5nedsbrev april 2020 - Varmestua","isPartOf":{"@id":"https:\/\/blaakors.no\/varmestua\/#website"},"primaryImageOfPage":{"@id":"https:\/\/blaakors.no\/varmestua\/2020\/05\/07\/manedsbrev-april-2020\/#primaryimage"},"image":{"@id":"https:\/\/blaakors.no\/varmestua\/2020\/05\/07\/manedsbrev-april-2020\/#primaryimage"},"thumbnailUrl":"https:\/\/blaakors.no\/varmestua\/wp-content\/uploads\/sites\/3\/2020\/05\/Matpakker.jpg","datePublished":"2020-05-07T10:48:58+00:00","breadcrumb":{"@id":"https:\/\/blaakors.no\/varmestua\/2020\/05\/07\/manedsbrev-april-2020\/#breadcrumb"},"inLanguage":"nb-NO","potentialAction":[{"@type":"ReadAction","target":["https:\/\/blaakors.no\/varmestua\/2020\/05\/07\/manedsbrev-april-2020\/"]}]},{"@type":"ImageObject","inLanguage":"nb-NO","@id":"https:\/\/blaakors.no\/varmestua\/2020\/05\/07\/manedsbrev-april-2020\/#primaryimage","url":"https:\/\/blaakors.no\/varmestua\/wp-content\/uploads\/sites\/3\/2020\/05\/Matpakker.jpg","contentUrl":"https:\/\/blaakors.no\/varmestua\/wp-content\/uploads\/sites\/3\/2020\/05\/Matpakker.jpg","width":670,"height":502},{"@type":"BreadcrumbList","@id":"https:\/\/blaakors.no\/varmestua\/2020\/05\/07\/manedsbrev-april-2020\/#breadcrumb","itemListElement":[{"@type":"ListItem","position":1,"name":"Hjem","item":"https:\/\/blaakors.no\/varmestua\/"},{"@type":"ListItem","position":2,"name":"M\u00e5nedsbrev april 2020"}]},{"@type":"WebSite","@id":"https:\/\/blaakors.no\/varmestua\/#website","url":"https:\/\/blaakors.no\/varmestua\/","name":"Varmestua","description":"I sentrum st\u00e5r et menneske","publisher":{"@id":"https:\/\/blaakors.no\/varmestua\/#organization"},"potentialAction":[{"@type":"SearchAction","target":{"@type":"EntryPoint","urlTemplate":"https:\/\/blaakors.no\/varmestua\/?s={search_term_string}"},"query-input":{"@type":"PropertyValueSpecification","valueRequired":true,"valueName":"search_term_string"}}],"inLanguage":"nb-NO"},{"@type":"Organization","@id":"https:\/\/blaakors.no\/varmestua\/#organization","name":"Varmestua","url":"https:\/\/blaakors.no\/varmestua\/","logo":{"@type":"ImageObject","inLanguage":"nb-NO","@id":"https:\/\/blaakors.no\/varmestua\/#\/schema\/logo\/image\/","url":"https:\/\/blaakors.no\/varmestua\/wp-content\/uploads\/sites\/3\/2024\/09\/Bla-kors-logo-fredrikstad.svg","contentUrl":"https:\/\/blaakors.no\/varmestua\/wp-content\/uploads\/sites\/3\/2024\/09\/Bla-kors-logo-fredrikstad.svg","caption":"Varmestua"},"image":{"@id":"https:\/\/blaakors.no\/varmestua\/#\/schema\/logo\/image\/"}},{"@type":"Person","@id":"https:\/\/blaakors.no\/varmestua\/#\/schema\/person\/b4f97701537df4a065bea4a949e01b4b","name":"digital@thepitch.no","image":{"@type":"ImageObject","inLanguage":"nb-NO","@id":"https:\/\/blaakors.no\/varmestua\/#\/schema\/person\/image\/","url":"https:\/\/secure.gravatar.com\/avatar\/55e6fc7a4963b2ff255888f894e79158?s=96&d=mm&r=g","contentUrl":"https:\/\/secure.gravatar.com\/avatar\/55e6fc7a4963b2ff255888f894e79158?s=96&d=mm&r=g","caption":"digital@thepitch.no"},"sameAs":["https:\/\/blaakors.no"],"url":"https:\/\/blaakors.no\/varmestua\/author\/digitalthepitch-no\/"}]}},"_links":{"self":[{"href":"https:\/\/blaakors.no\/varmestua\/wp-json\/wp\/v2\/posts\/625","targetHints":{"allow":["GET"]}}],"collection":[{"href":"https:\/\/blaakors.no\/varmestua\/wp-json\/wp\/v2\/posts"}],"about":[{"href":"https:\/\/blaakors.no\/varmestua\/wp-json\/wp\/v2\/types\/post"}],"author":[{"embeddable":true,"href":"https:\/\/blaakors.no\/varmestua\/wp-json\/wp\/v2\/users\/1"}],"replies":[{"embeddable":true,"href":"https:\/\/blaakors.no\/varmestua\/wp-json\/wp\/v2\/comments?post=625"}],"version-history":[{"count":0,"href":"https:\/\/blaakors.no\/varmestua\/wp-json\/wp\/v2\/posts\/625\/revisions"}],"wp:featuredmedia":[{"embeddable":true,"href":"https:\/\/blaakors.no\/varmestua\/wp-json\/wp\/v2\/media\/630"}],"wp:attachment":[{"href":"https:\/\/blaakors.no\/varmestua\/wp-json\/wp\/v2\/media?parent=625"}],"wp:term":[{"taxonomy":"category","embeddable":true,"href":"https:\/\/blaakors.no\/varmestua\/wp-json\/wp\/v2\/categories?post=625"},{"taxonomy":"post_tag","embeddable":true,"href":"https:\/\/blaakors.no\/varmestua\/wp-json\/wp\/v2\/tags?post=625"}],"curies":[{"name":"wp","href":"https:\/\/api.w.org\/{rel}","templated":true}]}}