{"id":641,"date":"2020-06-02T13:01:40","date_gmt":"2020-06-02T11:01:40","guid":{"rendered":"http:\/\/blaakors.no\/varmestua\/?p=641"},"modified":"2020-06-02T13:01:40","modified_gmt":"2020-06-02T11:01:40","slug":"manedsbrev-april-2020-2","status":"publish","type":"post","link":"https:\/\/blaakors.no\/varmestua\/2020\/06\/02\/manedsbrev-april-2020-2\/","title":{"rendered":"M\u00e5nedsbrev mai 2020"},"content":{"rendered":"<p>Vi \u00f8nsker \u00e5 gj\u00f8re samarbeidspartnere og \u00abvenner\u00bb av Varmestua mer oppdatert p\u00e5 hva som skjer hos oss! Derfor lager vi m\u00e5nedsbrev som gir et viktig innblikk i hvordan vi har det her p\u00e5 \u00abstua\u00bb og hva som skjer. Minner ogs\u00e5 om linken som gir oversikt over kommende aktiviteter. Det er bare \u00e5 ta kontakt med oss dersom dere tenker at v\u00e5rt tilbud er relevant for noen dere kjenner, eller om dere \u00f8nsker mer informasjon \ud83d\ude42<\/p>\n<p><img loading=\"lazy\" decoding=\"async\" class=\"wp-image-642 alignright\" src=\"https:\/\/blaakors.no\/varmestua\/wp-content\/uploads\/sites\/3\/2020\/06\/Varmestua-Bakgard-2.jpg\" alt=\"\" width=\"437\" height=\"568\" \/><\/p>\n<p>Sakte men sikkert har Varmestua g\u00e5tt mot mer normal drift. I mai startet vi f\u00f8rst med matpakkeutdeling i porten, for s\u00e5 \u00e5 \u00e5pne bakg\u00e5rden. N\u00e5 har vi \u00e5pen bakg\u00e5rd tre dager i uka. Med kaffe, matpakker og god avstand. Vi har f\u00e5tt veldig tydelige\u00a0tilbakemeldinger om at gjestene savner den sosiale m\u00f8teplassen v\u00e5r.<\/p>\n<p>Mads og Merethe er ansatte p\u00e5 Varmestua og jobber vanligvis med aktiviteter. N\u00e5 er de smitteveiledere n\u00e5r de er p\u00e5 jobb. Alle m\u00e5 vaske hendene, alle m\u00e5 holde minst en meter avstand og ingen som er syke f\u00e5r komme inn. Vi tar smittevernet p\u00e5 h\u00f8yeste alvor fordi vi vet at mange av v\u00e5re gjester er i risikogruppen. Vi var spente p\u00e5 hvordan \u00e5pningen skulle g\u00e5, men har veldig gode erfaringer, derfor vurderer vi n\u00e5 hvordan vi kan \u00e5pne opp enda mer.<\/p>\n<p>Vi har f\u00e5tt blomster fra R\u00f8d Planteskole til \u00e5 pynte opp bakg\u00e5rden med.<\/p>\n<p>Vi har ogs\u00e5 lyst ut en spennende fast 100% stilling hos oss, og gleder oss til \u00e5 starte rekrutteringsprosessen. Vet du om noen som hadde passet til \u00e5 jobbe sammen med oss? Tips de om stillingen <a href=\"https:\/\/www.jobbdirekte.no\/bl-kors-fredrikstad\/1735246\/index.html\">her<\/a>. S\u00f8knadsfrist 19 juni, men vi behandler s\u00f8knadene fortl\u00f8pende.<\/p>\n<p>Ha en str\u00e5lende god dag!<\/p>\n","protected":false},"excerpt":{"rendered":"<p>Vi \u00f8nsker \u00e5 gj\u00f8re samarbeidspartnere og \u00abvenner\u00bb av Varmestua mer oppdatert p\u00e5 hva som skjer hos oss! Derfor lager vi m\u00e5nedsbrev som gir et viktig innblikk i hvordan vi har det her p\u00e5 \u00abstua\u00bb og hva som skjer. Minner ogs\u00e5 om linken som gir oversikt over kommende aktiviteter. Det er bare \u00e5 ta kontakt med [&hellip;]<\/p>\n","protected":false},"author":1,"featured_media":643,"comment_status":"open","ping_status":"open","sticky":false,"template":"","format":"standard","meta":{"inline_featured_image":false,"_exactmetrics_skip_tracking":false,"_exactmetrics_sitenote_active":false,"_exactmetrics_sitenote_note":"","_exactmetrics_sitenote_category":0,"footnotes":""},"categories":[6],"tags":[],"class_list":["post-641","post","type-post","status-publish","format-standard","has-post-thumbnail","hentry","category-varmestua-i-fredrikstad"],"yoast_head":"<!-- This site is optimized with the Yoast SEO plugin v26.6 - https:\/\/yoast.com\/wordpress\/plugins\/seo\/ -->\n<title>M\u00e5nedsbrev mai 2020 - Varmestua<\/title>\n<meta name=\"robots\" content=\"index, follow, max-snippet:-1, max-image-preview:large, max-video-preview:-1\" \/>\n<link rel=\"canonical\" href=\"https:\/\/blaakors.no\/varmestua\/2020\/06\/02\/manedsbrev-april-2020-2\/\" \/>\n<meta property=\"og:locale\" content=\"nb_NO\" \/>\n<meta property=\"og:type\" content=\"article\" \/>\n<meta property=\"og:title\" content=\"M\u00e5nedsbrev mai 2020 - Varmestua\" \/>\n<meta property=\"og:description\" content=\"Vi \u00f8nsker \u00e5 gj\u00f8re samarbeidspartnere og \u00abvenner\u00bb av Varmestua mer oppdatert p\u00e5 hva som skjer hos oss! Derfor lager vi m\u00e5nedsbrev som gir et viktig innblikk i hvordan vi har det her p\u00e5 \u00abstua\u00bb og hva som skjer. Minner ogs\u00e5 om linken som gir oversikt over kommende aktiviteter. Det er bare \u00e5 ta kontakt med [&hellip;]\" \/>\n<meta property=\"og:url\" content=\"https:\/\/blaakors.no\/varmestua\/2020\/06\/02\/manedsbrev-april-2020-2\/\" \/>\n<meta property=\"og:site_name\" content=\"Varmestua\" \/>\n<meta property=\"article:published_time\" content=\"2020-06-02T11:01:40+00:00\" \/>\n<meta property=\"og:image\" content=\"https:\/\/blaakors.no\/varmestua\/wp-content\/uploads\/sites\/3\/2020\/06\/Varmestua-bakgard-1.jpg\" \/>\n\t<meta property=\"og:image:width\" content=\"812\" \/>\n\t<meta property=\"og:image:height\" content=\"609\" \/>\n\t<meta property=\"og:image:type\" content=\"image\/jpeg\" \/>\n<meta name=\"author\" content=\"digital@thepitch.no\" \/>\n<meta name=\"twitter:card\" content=\"summary_large_image\" \/>\n<meta name=\"twitter:label1\" content=\"Skrevet av\" \/>\n\t<meta name=\"twitter:data1\" content=\"digital@thepitch.no\" \/>\n\t<meta name=\"twitter:label2\" content=\"Ansl. lesetid\" \/>\n\t<meta name=\"twitter:data2\" content=\"1 minutt\" \/>\n<script type=\"application\/ld+json\" class=\"yoast-schema-graph\">{\"@context\":\"https:\/\/schema.org\",\"@graph\":[{\"@type\":\"Article\",\"@id\":\"https:\/\/blaakors.no\/varmestua\/2020\/06\/02\/manedsbrev-april-2020-2\/#article\",\"isPartOf\":{\"@id\":\"https:\/\/blaakors.no\/varmestua\/2020\/06\/02\/manedsbrev-april-2020-2\/\"},\"author\":{\"name\":\"digital@thepitch.no\",\"@id\":\"https:\/\/blaakors.no\/varmestua\/#\/schema\/person\/b4f97701537df4a065bea4a949e01b4b\"},\"headline\":\"M\u00e5nedsbrev mai 2020\",\"datePublished\":\"2020-06-02T11:01:40+00:00\",\"mainEntityOfPage\":{\"@id\":\"https:\/\/blaakors.no\/varmestua\/2020\/06\/02\/manedsbrev-april-2020-2\/\"},\"wordCount\":287,\"commentCount\":0,\"publisher\":{\"@id\":\"https:\/\/blaakors.no\/varmestua\/#organization\"},\"image\":{\"@id\":\"https:\/\/blaakors.no\/varmestua\/2020\/06\/02\/manedsbrev-april-2020-2\/#primaryimage\"},\"thumbnailUrl\":\"https:\/\/blaakors.no\/varmestua\/wp-content\/uploads\/sites\/3\/2020\/06\/Varmestua-bakgard-1.jpg\",\"articleSection\":[\"Varmestua i Fredrikstad\"],\"inLanguage\":\"nb-NO\",\"potentialAction\":[{\"@type\":\"CommentAction\",\"name\":\"Comment\",\"target\":[\"https:\/\/blaakors.no\/varmestua\/2020\/06\/02\/manedsbrev-april-2020-2\/#respond\"]}]},{\"@type\":\"WebPage\",\"@id\":\"https:\/\/blaakors.no\/varmestua\/2020\/06\/02\/manedsbrev-april-2020-2\/\",\"url\":\"https:\/\/blaakors.no\/varmestua\/2020\/06\/02\/manedsbrev-april-2020-2\/\",\"name\":\"M\u00e5nedsbrev mai 2020 - Varmestua\",\"isPartOf\":{\"@id\":\"https:\/\/blaakors.no\/varmestua\/#website\"},\"primaryImageOfPage\":{\"@id\":\"https:\/\/blaakors.no\/varmestua\/2020\/06\/02\/manedsbrev-april-2020-2\/#primaryimage\"},\"image\":{\"@id\":\"https:\/\/blaakors.no\/varmestua\/2020\/06\/02\/manedsbrev-april-2020-2\/#primaryimage\"},\"thumbnailUrl\":\"https:\/\/blaakors.no\/varmestua\/wp-content\/uploads\/sites\/3\/2020\/06\/Varmestua-bakgard-1.jpg\",\"datePublished\":\"2020-06-02T11:01:40+00:00\",\"breadcrumb\":{\"@id\":\"https:\/\/blaakors.no\/varmestua\/2020\/06\/02\/manedsbrev-april-2020-2\/#breadcrumb\"},\"inLanguage\":\"nb-NO\",\"potentialAction\":[{\"@type\":\"ReadAction\",\"target\":[\"https:\/\/blaakors.no\/varmestua\/2020\/06\/02\/manedsbrev-april-2020-2\/\"]}]},{\"@type\":\"ImageObject\",\"inLanguage\":\"nb-NO\",\"@id\":\"https:\/\/blaakors.no\/varmestua\/2020\/06\/02\/manedsbrev-april-2020-2\/#primaryimage\",\"url\":\"https:\/\/blaakors.no\/varmestua\/wp-content\/uploads\/sites\/3\/2020\/06\/Varmestua-bakgard-1.jpg\",\"contentUrl\":\"https:\/\/blaakors.no\/varmestua\/wp-content\/uploads\/sites\/3\/2020\/06\/Varmestua-bakgard-1.jpg\",\"width\":812,\"height\":609},{\"@type\":\"BreadcrumbList\",\"@id\":\"https:\/\/blaakors.no\/varmestua\/2020\/06\/02\/manedsbrev-april-2020-2\/#breadcrumb\",\"itemListElement\":[{\"@type\":\"ListItem\",\"position\":1,\"name\":\"Hjem\",\"item\":\"https:\/\/blaakors.no\/varmestua\/\"},{\"@type\":\"ListItem\",\"position\":2,\"name\":\"M\u00e5nedsbrev mai 2020\"}]},{\"@type\":\"WebSite\",\"@id\":\"https:\/\/blaakors.no\/varmestua\/#website\",\"url\":\"https:\/\/blaakors.no\/varmestua\/\",\"name\":\"Varmestua\",\"description\":\"I sentrum st\u00e5r et menneske\",\"publisher\":{\"@id\":\"https:\/\/blaakors.no\/varmestua\/#organization\"},\"potentialAction\":[{\"@type\":\"SearchAction\",\"target\":{\"@type\":\"EntryPoint\",\"urlTemplate\":\"https:\/\/blaakors.no\/varmestua\/?s={search_term_string}\"},\"query-input\":{\"@type\":\"PropertyValueSpecification\",\"valueRequired\":true,\"valueName\":\"search_term_string\"}}],\"inLanguage\":\"nb-NO\"},{\"@type\":\"Organization\",\"@id\":\"https:\/\/blaakors.no\/varmestua\/#organization\",\"name\":\"Varmestua\",\"url\":\"https:\/\/blaakors.no\/varmestua\/\",\"logo\":{\"@type\":\"ImageObject\",\"inLanguage\":\"nb-NO\",\"@id\":\"https:\/\/blaakors.no\/varmestua\/#\/schema\/logo\/image\/\",\"url\":\"https:\/\/blaakors.no\/varmestua\/wp-content\/uploads\/sites\/3\/2024\/09\/Bla-kors-logo-fredrikstad.svg\",\"contentUrl\":\"https:\/\/blaakors.no\/varmestua\/wp-content\/uploads\/sites\/3\/2024\/09\/Bla-kors-logo-fredrikstad.svg\",\"caption\":\"Varmestua\"},\"image\":{\"@id\":\"https:\/\/blaakors.no\/varmestua\/#\/schema\/logo\/image\/\"}},{\"@type\":\"Person\",\"@id\":\"https:\/\/blaakors.no\/varmestua\/#\/schema\/person\/b4f97701537df4a065bea4a949e01b4b\",\"name\":\"digital@thepitch.no\",\"image\":{\"@type\":\"ImageObject\",\"inLanguage\":\"nb-NO\",\"@id\":\"https:\/\/blaakors.no\/varmestua\/#\/schema\/person\/image\/\",\"url\":\"https:\/\/secure.gravatar.com\/avatar\/55e6fc7a4963b2ff255888f894e79158?s=96&d=mm&r=g\",\"contentUrl\":\"https:\/\/secure.gravatar.com\/avatar\/55e6fc7a4963b2ff255888f894e79158?s=96&d=mm&r=g\",\"caption\":\"digital@thepitch.no\"},\"sameAs\":[\"https:\/\/blaakors.no\"],\"url\":\"https:\/\/blaakors.no\/varmestua\/author\/digitalthepitch-no\/\"}]}<\/script>\n<!-- \/ Yoast SEO plugin. -->","yoast_head_json":{"title":"M\u00e5nedsbrev mai 2020 - Varmestua","robots":{"index":"index","follow":"follow","max-snippet":"max-snippet:-1","max-image-preview":"max-image-preview:large","max-video-preview":"max-video-preview:-1"},"canonical":"https:\/\/blaakors.no\/varmestua\/2020\/06\/02\/manedsbrev-april-2020-2\/","og_locale":"nb_NO","og_type":"article","og_title":"M\u00e5nedsbrev mai 2020 - Varmestua","og_description":"Vi \u00f8nsker \u00e5 gj\u00f8re samarbeidspartnere og \u00abvenner\u00bb av Varmestua mer oppdatert p\u00e5 hva som skjer hos oss! Derfor lager vi m\u00e5nedsbrev som gir et viktig innblikk i hvordan vi har det her p\u00e5 \u00abstua\u00bb og hva som skjer. Minner ogs\u00e5 om linken som gir oversikt over kommende aktiviteter. Det er bare \u00e5 ta kontakt med [&hellip;]","og_url":"https:\/\/blaakors.no\/varmestua\/2020\/06\/02\/manedsbrev-april-2020-2\/","og_site_name":"Varmestua","article_published_time":"2020-06-02T11:01:40+00:00","og_image":[{"width":812,"height":609,"url":"https:\/\/blaakors.no\/varmestua\/wp-content\/uploads\/sites\/3\/2020\/06\/Varmestua-bakgard-1.jpg","type":"image\/jpeg"}],"author":"digital@thepitch.no","twitter_card":"summary_large_image","twitter_misc":{"Skrevet av":"digital@thepitch.no","Ansl. lesetid":"1 minutt"},"schema":{"@context":"https:\/\/schema.org","@graph":[{"@type":"Article","@id":"https:\/\/blaakors.no\/varmestua\/2020\/06\/02\/manedsbrev-april-2020-2\/#article","isPartOf":{"@id":"https:\/\/blaakors.no\/varmestua\/2020\/06\/02\/manedsbrev-april-2020-2\/"},"author":{"name":"digital@thepitch.no","@id":"https:\/\/blaakors.no\/varmestua\/#\/schema\/person\/b4f97701537df4a065bea4a949e01b4b"},"headline":"M\u00e5nedsbrev mai 2020","datePublished":"2020-06-02T11:01:40+00:00","mainEntityOfPage":{"@id":"https:\/\/blaakors.no\/varmestua\/2020\/06\/02\/manedsbrev-april-2020-2\/"},"wordCount":287,"commentCount":0,"publisher":{"@id":"https:\/\/blaakors.no\/varmestua\/#organization"},"image":{"@id":"https:\/\/blaakors.no\/varmestua\/2020\/06\/02\/manedsbrev-april-2020-2\/#primaryimage"},"thumbnailUrl":"https:\/\/blaakors.no\/varmestua\/wp-content\/uploads\/sites\/3\/2020\/06\/Varmestua-bakgard-1.jpg","articleSection":["Varmestua i Fredrikstad"],"inLanguage":"nb-NO","potentialAction":[{"@type":"CommentAction","name":"Comment","target":["https:\/\/blaakors.no\/varmestua\/2020\/06\/02\/manedsbrev-april-2020-2\/#respond"]}]},{"@type":"WebPage","@id":"https:\/\/blaakors.no\/varmestua\/2020\/06\/02\/manedsbrev-april-2020-2\/","url":"https:\/\/blaakors.no\/varmestua\/2020\/06\/02\/manedsbrev-april-2020-2\/","name":"M\u00e5nedsbrev mai 2020 - Varmestua","isPartOf":{"@id":"https:\/\/blaakors.no\/varmestua\/#website"},"primaryImageOfPage":{"@id":"https:\/\/blaakors.no\/varmestua\/2020\/06\/02\/manedsbrev-april-2020-2\/#primaryimage"},"image":{"@id":"https:\/\/blaakors.no\/varmestua\/2020\/06\/02\/manedsbrev-april-2020-2\/#primaryimage"},"thumbnailUrl":"https:\/\/blaakors.no\/varmestua\/wp-content\/uploads\/sites\/3\/2020\/06\/Varmestua-bakgard-1.jpg","datePublished":"2020-06-02T11:01:40+00:00","breadcrumb":{"@id":"https:\/\/blaakors.no\/varmestua\/2020\/06\/02\/manedsbrev-april-2020-2\/#breadcrumb"},"inLanguage":"nb-NO","potentialAction":[{"@type":"ReadAction","target":["https:\/\/blaakors.no\/varmestua\/2020\/06\/02\/manedsbrev-april-2020-2\/"]}]},{"@type":"ImageObject","inLanguage":"nb-NO","@id":"https:\/\/blaakors.no\/varmestua\/2020\/06\/02\/manedsbrev-april-2020-2\/#primaryimage","url":"https:\/\/blaakors.no\/varmestua\/wp-content\/uploads\/sites\/3\/2020\/06\/Varmestua-bakgard-1.jpg","contentUrl":"https:\/\/blaakors.no\/varmestua\/wp-content\/uploads\/sites\/3\/2020\/06\/Varmestua-bakgard-1.jpg","width":812,"height":609},{"@type":"BreadcrumbList","@id":"https:\/\/blaakors.no\/varmestua\/2020\/06\/02\/manedsbrev-april-2020-2\/#breadcrumb","itemListElement":[{"@type":"ListItem","position":1,"name":"Hjem","item":"https:\/\/blaakors.no\/varmestua\/"},{"@type":"ListItem","position":2,"name":"M\u00e5nedsbrev mai 2020"}]},{"@type":"WebSite","@id":"https:\/\/blaakors.no\/varmestua\/#website","url":"https:\/\/blaakors.no\/varmestua\/","name":"Varmestua","description":"I sentrum st\u00e5r et menneske","publisher":{"@id":"https:\/\/blaakors.no\/varmestua\/#organization"},"potentialAction":[{"@type":"SearchAction","target":{"@type":"EntryPoint","urlTemplate":"https:\/\/blaakors.no\/varmestua\/?s={search_term_string}"},"query-input":{"@type":"PropertyValueSpecification","valueRequired":true,"valueName":"search_term_string"}}],"inLanguage":"nb-NO"},{"@type":"Organization","@id":"https:\/\/blaakors.no\/varmestua\/#organization","name":"Varmestua","url":"https:\/\/blaakors.no\/varmestua\/","logo":{"@type":"ImageObject","inLanguage":"nb-NO","@id":"https:\/\/blaakors.no\/varmestua\/#\/schema\/logo\/image\/","url":"https:\/\/blaakors.no\/varmestua\/wp-content\/uploads\/sites\/3\/2024\/09\/Bla-kors-logo-fredrikstad.svg","contentUrl":"https:\/\/blaakors.no\/varmestua\/wp-content\/uploads\/sites\/3\/2024\/09\/Bla-kors-logo-fredrikstad.svg","caption":"Varmestua"},"image":{"@id":"https:\/\/blaakors.no\/varmestua\/#\/schema\/logo\/image\/"}},{"@type":"Person","@id":"https:\/\/blaakors.no\/varmestua\/#\/schema\/person\/b4f97701537df4a065bea4a949e01b4b","name":"digital@thepitch.no","image":{"@type":"ImageObject","inLanguage":"nb-NO","@id":"https:\/\/blaakors.no\/varmestua\/#\/schema\/person\/image\/","url":"https:\/\/secure.gravatar.com\/avatar\/55e6fc7a4963b2ff255888f894e79158?s=96&d=mm&r=g","contentUrl":"https:\/\/secure.gravatar.com\/avatar\/55e6fc7a4963b2ff255888f894e79158?s=96&d=mm&r=g","caption":"digital@thepitch.no"},"sameAs":["https:\/\/blaakors.no"],"url":"https:\/\/blaakors.no\/varmestua\/author\/digitalthepitch-no\/"}]}},"_links":{"self":[{"href":"https:\/\/blaakors.no\/varmestua\/wp-json\/wp\/v2\/posts\/641","targetHints":{"allow":["GET"]}}],"collection":[{"href":"https:\/\/blaakors.no\/varmestua\/wp-json\/wp\/v2\/posts"}],"about":[{"href":"https:\/\/blaakors.no\/varmestua\/wp-json\/wp\/v2\/types\/post"}],"author":[{"embeddable":true,"href":"https:\/\/blaakors.no\/varmestua\/wp-json\/wp\/v2\/users\/1"}],"replies":[{"embeddable":true,"href":"https:\/\/blaakors.no\/varmestua\/wp-json\/wp\/v2\/comments?post=641"}],"version-history":[{"count":0,"href":"https:\/\/blaakors.no\/varmestua\/wp-json\/wp\/v2\/posts\/641\/revisions"}],"wp:featuredmedia":[{"embeddable":true,"href":"https:\/\/blaakors.no\/varmestua\/wp-json\/wp\/v2\/media\/643"}],"wp:attachment":[{"href":"https:\/\/blaakors.no\/varmestua\/wp-json\/wp\/v2\/media?parent=641"}],"wp:term":[{"taxonomy":"category","embeddable":true,"href":"https:\/\/blaakors.no\/varmestua\/wp-json\/wp\/v2\/categories?post=641"},{"taxonomy":"post_tag","embeddable":true,"href":"https:\/\/blaakors.no\/varmestua\/wp-json\/wp\/v2\/tags?post=641"}],"curies":[{"name":"wp","href":"https:\/\/api.w.org\/{rel}","templated":true}]}}