{"id":648,"date":"2020-07-03T14:46:58","date_gmt":"2020-07-03T12:46:58","guid":{"rendered":"http:\/\/blaakors.no\/varmestua\/?p=648"},"modified":"2020-07-03T14:46:58","modified_gmt":"2020-07-03T12:46:58","slug":"manedsbrev-april-2020-2-2","status":"publish","type":"post","link":"https:\/\/blaakors.no\/varmestua\/2020\/07\/03\/manedsbrev-april-2020-2-2\/","title":{"rendered":"M\u00e5nedsbrev juni 2020"},"content":{"rendered":"<p>Vi \u00f8nsker \u00e5 gj\u00f8re samarbeidspartnere og \u00abvenner\u00bb av Varmestua mer oppdatert p\u00e5 hva som skjer hos oss! Derfor lager vi m\u00e5nedsbrev som gir et viktig innblikk i hvordan vi har det her p\u00e5 \u00abstua\u00bb og hva som skjer. Minner ogs\u00e5 om linken som gir oversikt over kommende aktiviteter. Det er bare \u00e5 ta kontakt med oss dersom dere tenker at v\u00e5rt tilbud er relevant for noen dere kjenner, eller om dere \u00f8nsker mer informasjon \ud83d\ude42<\/p>\n<p>Det er sommer, det er sol og det er JULI ?!?! Hvor blir det av tiden??<br \/>\nI juni har en normalitet sakte men sikkert vendt tilbake. Gjen\u00e5pningen av Varmestua har g\u00e5tt bra, og det er fremdeles ikke meldt om noe smitte i rusmilj\u00f8et \u2013 det er bra og viktig. Vi er fremdeles flinkt til \u00e5 holde en avstand og vaske hender!<\/p>\n<p>Vi har ogs\u00e5 sakte men sikkert startet opp med aktiviteter. Vi har v\u00e6rt p\u00e5 kino, p\u00e5 tur til Isegran, og hatt jam i bakg\u00e5rden. Og mer skal det bli. Bildet i nyhetssaken er fra turen til Isegran.<\/p>\n<p>En ting som ikke er like bra er at det er meldt om h\u00f8y overdosefare \u2013 b\u00e5de fra lokalt i Bl\u00e5 Kors, feltpleien i Fredrikstad og fra fagmilj\u00f8et i Oslo. Sammen med Fredrikstad kommune g\u00e5r vi ut med f\u00f8lgende r\u00e5d:<br \/>\n&#8211; R\u00f8yke heroinet istedenfor \u00e5 injisere<br \/>\n&#8211; Dele dosen og teste ut hvor sterkt heroinet er f\u00f8r du injiserer hele dosen<br \/>\n&#8211; Ikke innta andre rusmidler i tillegg til heroin (spesielt metadon, alkohol og benzodiazepiner)<br \/>\n&#8211; Ikke v\u00e6r alene n\u00e5r du injiserer heroin<\/p>\n<p>Og som vi sa p\u00e5 Facebook @Bl\u00e5 Kors Varmestua Fredrikstad \u2013 Vi har ingen \u00e5 miste!<\/p>\n<p>Vi har s\u00f8kt etter en ny milj\u00f8terapeut og det kom inn over 100 s\u00f8kere \u2013 masse spennende og engasjerte folk som \u00f8nsker \u00e5 jobbe sammen med oss for at vi skal kunne gi gjestene et best mulig tilbud. Vi har gjennomf\u00f8rt intervjuer og jobber med tilsetningen. Vi gleder oss!<\/p>\n<p>Nyt sommeren!<\/p>\n","protected":false},"excerpt":{"rendered":"<p>Vi \u00f8nsker \u00e5 gj\u00f8re samarbeidspartnere og \u00abvenner\u00bb av Varmestua mer oppdatert p\u00e5 hva som skjer hos oss! Derfor lager vi m\u00e5nedsbrev som gir et viktig innblikk i hvordan vi har det her p\u00e5 \u00abstua\u00bb og hva som skjer. Minner ogs\u00e5 om linken som gir oversikt over kommende aktiviteter. Det er bare \u00e5 ta kontakt med [&hellip;]<\/p>\n","protected":false},"author":1,"featured_media":649,"comment_status":"open","ping_status":"open","sticky":false,"template":"","format":"standard","meta":{"inline_featured_image":false,"_exactmetrics_skip_tracking":false,"_exactmetrics_sitenote_active":false,"_exactmetrics_sitenote_note":"","_exactmetrics_sitenote_category":0,"footnotes":""},"categories":[6],"tags":[],"class_list":["post-648","post","type-post","status-publish","format-standard","has-post-thumbnail","hentry","category-varmestua-i-fredrikstad"],"yoast_head":"<!-- This site is optimized with the Yoast SEO plugin v26.6 - https:\/\/yoast.com\/wordpress\/plugins\/seo\/ -->\n<title>M\u00e5nedsbrev juni 2020 - Varmestua<\/title>\n<meta name=\"robots\" content=\"index, follow, max-snippet:-1, max-image-preview:large, max-video-preview:-1\" \/>\n<link rel=\"canonical\" href=\"https:\/\/blaakors.no\/varmestua\/2020\/07\/03\/manedsbrev-april-2020-2-2\/\" \/>\n<meta property=\"og:locale\" content=\"nb_NO\" \/>\n<meta property=\"og:type\" content=\"article\" \/>\n<meta property=\"og:title\" content=\"M\u00e5nedsbrev juni 2020 - Varmestua\" \/>\n<meta property=\"og:description\" content=\"Vi \u00f8nsker \u00e5 gj\u00f8re samarbeidspartnere og \u00abvenner\u00bb av Varmestua mer oppdatert p\u00e5 hva som skjer hos oss! Derfor lager vi m\u00e5nedsbrev som gir et viktig innblikk i hvordan vi har det her p\u00e5 \u00abstua\u00bb og hva som skjer. Minner ogs\u00e5 om linken som gir oversikt over kommende aktiviteter. Det er bare \u00e5 ta kontakt med [&hellip;]\" \/>\n<meta property=\"og:url\" content=\"https:\/\/blaakors.no\/varmestua\/2020\/07\/03\/manedsbrev-april-2020-2-2\/\" \/>\n<meta property=\"og:site_name\" content=\"Varmestua\" \/>\n<meta property=\"article:published_time\" content=\"2020-07-03T12:46:58+00:00\" \/>\n<meta property=\"og:image\" content=\"https:\/\/blaakors.no\/varmestua\/wp-content\/uploads\/sites\/3\/2020\/07\/manedsbrev-juni.jpg\" \/>\n\t<meta property=\"og:image:width\" content=\"960\" \/>\n\t<meta property=\"og:image:height\" content=\"720\" \/>\n\t<meta property=\"og:image:type\" content=\"image\/jpeg\" \/>\n<meta name=\"author\" content=\"digital@thepitch.no\" \/>\n<meta name=\"twitter:card\" content=\"summary_large_image\" \/>\n<meta name=\"twitter:label1\" content=\"Skrevet av\" \/>\n\t<meta name=\"twitter:data1\" content=\"digital@thepitch.no\" \/>\n\t<meta name=\"twitter:label2\" content=\"Ansl. lesetid\" \/>\n\t<meta name=\"twitter:data2\" content=\"2 minutter\" \/>\n<script type=\"application\/ld+json\" class=\"yoast-schema-graph\">{\"@context\":\"https:\/\/schema.org\",\"@graph\":[{\"@type\":\"Article\",\"@id\":\"https:\/\/blaakors.no\/varmestua\/2020\/07\/03\/manedsbrev-april-2020-2-2\/#article\",\"isPartOf\":{\"@id\":\"https:\/\/blaakors.no\/varmestua\/2020\/07\/03\/manedsbrev-april-2020-2-2\/\"},\"author\":{\"name\":\"digital@thepitch.no\",\"@id\":\"https:\/\/blaakors.no\/varmestua\/#\/schema\/person\/b4f97701537df4a065bea4a949e01b4b\"},\"headline\":\"M\u00e5nedsbrev juni 2020\",\"datePublished\":\"2020-07-03T12:46:58+00:00\",\"mainEntityOfPage\":{\"@id\":\"https:\/\/blaakors.no\/varmestua\/2020\/07\/03\/manedsbrev-april-2020-2-2\/\"},\"wordCount\":335,\"commentCount\":0,\"publisher\":{\"@id\":\"https:\/\/blaakors.no\/varmestua\/#organization\"},\"image\":{\"@id\":\"https:\/\/blaakors.no\/varmestua\/2020\/07\/03\/manedsbrev-april-2020-2-2\/#primaryimage\"},\"thumbnailUrl\":\"https:\/\/blaakors.no\/varmestua\/wp-content\/uploads\/sites\/3\/2020\/07\/manedsbrev-juni.jpg\",\"articleSection\":[\"Varmestua i Fredrikstad\"],\"inLanguage\":\"nb-NO\",\"potentialAction\":[{\"@type\":\"CommentAction\",\"name\":\"Comment\",\"target\":[\"https:\/\/blaakors.no\/varmestua\/2020\/07\/03\/manedsbrev-april-2020-2-2\/#respond\"]}]},{\"@type\":\"WebPage\",\"@id\":\"https:\/\/blaakors.no\/varmestua\/2020\/07\/03\/manedsbrev-april-2020-2-2\/\",\"url\":\"https:\/\/blaakors.no\/varmestua\/2020\/07\/03\/manedsbrev-april-2020-2-2\/\",\"name\":\"M\u00e5nedsbrev juni 2020 - Varmestua\",\"isPartOf\":{\"@id\":\"https:\/\/blaakors.no\/varmestua\/#website\"},\"primaryImageOfPage\":{\"@id\":\"https:\/\/blaakors.no\/varmestua\/2020\/07\/03\/manedsbrev-april-2020-2-2\/#primaryimage\"},\"image\":{\"@id\":\"https:\/\/blaakors.no\/varmestua\/2020\/07\/03\/manedsbrev-april-2020-2-2\/#primaryimage\"},\"thumbnailUrl\":\"https:\/\/blaakors.no\/varmestua\/wp-content\/uploads\/sites\/3\/2020\/07\/manedsbrev-juni.jpg\",\"datePublished\":\"2020-07-03T12:46:58+00:00\",\"breadcrumb\":{\"@id\":\"https:\/\/blaakors.no\/varmestua\/2020\/07\/03\/manedsbrev-april-2020-2-2\/#breadcrumb\"},\"inLanguage\":\"nb-NO\",\"potentialAction\":[{\"@type\":\"ReadAction\",\"target\":[\"https:\/\/blaakors.no\/varmestua\/2020\/07\/03\/manedsbrev-april-2020-2-2\/\"]}]},{\"@type\":\"ImageObject\",\"inLanguage\":\"nb-NO\",\"@id\":\"https:\/\/blaakors.no\/varmestua\/2020\/07\/03\/manedsbrev-april-2020-2-2\/#primaryimage\",\"url\":\"https:\/\/blaakors.no\/varmestua\/wp-content\/uploads\/sites\/3\/2020\/07\/manedsbrev-juni.jpg\",\"contentUrl\":\"https:\/\/blaakors.no\/varmestua\/wp-content\/uploads\/sites\/3\/2020\/07\/manedsbrev-juni.jpg\",\"width\":960,\"height\":720},{\"@type\":\"BreadcrumbList\",\"@id\":\"https:\/\/blaakors.no\/varmestua\/2020\/07\/03\/manedsbrev-april-2020-2-2\/#breadcrumb\",\"itemListElement\":[{\"@type\":\"ListItem\",\"position\":1,\"name\":\"Hjem\",\"item\":\"https:\/\/blaakors.no\/varmestua\/\"},{\"@type\":\"ListItem\",\"position\":2,\"name\":\"M\u00e5nedsbrev juni 2020\"}]},{\"@type\":\"WebSite\",\"@id\":\"https:\/\/blaakors.no\/varmestua\/#website\",\"url\":\"https:\/\/blaakors.no\/varmestua\/\",\"name\":\"Varmestua\",\"description\":\"I sentrum st\u00e5r et menneske\",\"publisher\":{\"@id\":\"https:\/\/blaakors.no\/varmestua\/#organization\"},\"potentialAction\":[{\"@type\":\"SearchAction\",\"target\":{\"@type\":\"EntryPoint\",\"urlTemplate\":\"https:\/\/blaakors.no\/varmestua\/?s={search_term_string}\"},\"query-input\":{\"@type\":\"PropertyValueSpecification\",\"valueRequired\":true,\"valueName\":\"search_term_string\"}}],\"inLanguage\":\"nb-NO\"},{\"@type\":\"Organization\",\"@id\":\"https:\/\/blaakors.no\/varmestua\/#organization\",\"name\":\"Varmestua\",\"url\":\"https:\/\/blaakors.no\/varmestua\/\",\"logo\":{\"@type\":\"ImageObject\",\"inLanguage\":\"nb-NO\",\"@id\":\"https:\/\/blaakors.no\/varmestua\/#\/schema\/logo\/image\/\",\"url\":\"https:\/\/blaakors.no\/varmestua\/wp-content\/uploads\/sites\/3\/2024\/09\/Bla-kors-logo-fredrikstad.svg\",\"contentUrl\":\"https:\/\/blaakors.no\/varmestua\/wp-content\/uploads\/sites\/3\/2024\/09\/Bla-kors-logo-fredrikstad.svg\",\"caption\":\"Varmestua\"},\"image\":{\"@id\":\"https:\/\/blaakors.no\/varmestua\/#\/schema\/logo\/image\/\"}},{\"@type\":\"Person\",\"@id\":\"https:\/\/blaakors.no\/varmestua\/#\/schema\/person\/b4f97701537df4a065bea4a949e01b4b\",\"name\":\"digital@thepitch.no\",\"image\":{\"@type\":\"ImageObject\",\"inLanguage\":\"nb-NO\",\"@id\":\"https:\/\/blaakors.no\/varmestua\/#\/schema\/person\/image\/\",\"url\":\"https:\/\/secure.gravatar.com\/avatar\/55e6fc7a4963b2ff255888f894e79158?s=96&d=mm&r=g\",\"contentUrl\":\"https:\/\/secure.gravatar.com\/avatar\/55e6fc7a4963b2ff255888f894e79158?s=96&d=mm&r=g\",\"caption\":\"digital@thepitch.no\"},\"sameAs\":[\"https:\/\/blaakors.no\"],\"url\":\"https:\/\/blaakors.no\/varmestua\/author\/digitalthepitch-no\/\"}]}<\/script>\n<!-- \/ Yoast SEO plugin. -->","yoast_head_json":{"title":"M\u00e5nedsbrev juni 2020 - Varmestua","robots":{"index":"index","follow":"follow","max-snippet":"max-snippet:-1","max-image-preview":"max-image-preview:large","max-video-preview":"max-video-preview:-1"},"canonical":"https:\/\/blaakors.no\/varmestua\/2020\/07\/03\/manedsbrev-april-2020-2-2\/","og_locale":"nb_NO","og_type":"article","og_title":"M\u00e5nedsbrev juni 2020 - Varmestua","og_description":"Vi \u00f8nsker \u00e5 gj\u00f8re samarbeidspartnere og \u00abvenner\u00bb av Varmestua mer oppdatert p\u00e5 hva som skjer hos oss! Derfor lager vi m\u00e5nedsbrev som gir et viktig innblikk i hvordan vi har det her p\u00e5 \u00abstua\u00bb og hva som skjer. Minner ogs\u00e5 om linken som gir oversikt over kommende aktiviteter. Det er bare \u00e5 ta kontakt med [&hellip;]","og_url":"https:\/\/blaakors.no\/varmestua\/2020\/07\/03\/manedsbrev-april-2020-2-2\/","og_site_name":"Varmestua","article_published_time":"2020-07-03T12:46:58+00:00","og_image":[{"width":960,"height":720,"url":"https:\/\/blaakors.no\/varmestua\/wp-content\/uploads\/sites\/3\/2020\/07\/manedsbrev-juni.jpg","type":"image\/jpeg"}],"author":"digital@thepitch.no","twitter_card":"summary_large_image","twitter_misc":{"Skrevet av":"digital@thepitch.no","Ansl. lesetid":"2 minutter"},"schema":{"@context":"https:\/\/schema.org","@graph":[{"@type":"Article","@id":"https:\/\/blaakors.no\/varmestua\/2020\/07\/03\/manedsbrev-april-2020-2-2\/#article","isPartOf":{"@id":"https:\/\/blaakors.no\/varmestua\/2020\/07\/03\/manedsbrev-april-2020-2-2\/"},"author":{"name":"digital@thepitch.no","@id":"https:\/\/blaakors.no\/varmestua\/#\/schema\/person\/b4f97701537df4a065bea4a949e01b4b"},"headline":"M\u00e5nedsbrev juni 2020","datePublished":"2020-07-03T12:46:58+00:00","mainEntityOfPage":{"@id":"https:\/\/blaakors.no\/varmestua\/2020\/07\/03\/manedsbrev-april-2020-2-2\/"},"wordCount":335,"commentCount":0,"publisher":{"@id":"https:\/\/blaakors.no\/varmestua\/#organization"},"image":{"@id":"https:\/\/blaakors.no\/varmestua\/2020\/07\/03\/manedsbrev-april-2020-2-2\/#primaryimage"},"thumbnailUrl":"https:\/\/blaakors.no\/varmestua\/wp-content\/uploads\/sites\/3\/2020\/07\/manedsbrev-juni.jpg","articleSection":["Varmestua i Fredrikstad"],"inLanguage":"nb-NO","potentialAction":[{"@type":"CommentAction","name":"Comment","target":["https:\/\/blaakors.no\/varmestua\/2020\/07\/03\/manedsbrev-april-2020-2-2\/#respond"]}]},{"@type":"WebPage","@id":"https:\/\/blaakors.no\/varmestua\/2020\/07\/03\/manedsbrev-april-2020-2-2\/","url":"https:\/\/blaakors.no\/varmestua\/2020\/07\/03\/manedsbrev-april-2020-2-2\/","name":"M\u00e5nedsbrev juni 2020 - Varmestua","isPartOf":{"@id":"https:\/\/blaakors.no\/varmestua\/#website"},"primaryImageOfPage":{"@id":"https:\/\/blaakors.no\/varmestua\/2020\/07\/03\/manedsbrev-april-2020-2-2\/#primaryimage"},"image":{"@id":"https:\/\/blaakors.no\/varmestua\/2020\/07\/03\/manedsbrev-april-2020-2-2\/#primaryimage"},"thumbnailUrl":"https:\/\/blaakors.no\/varmestua\/wp-content\/uploads\/sites\/3\/2020\/07\/manedsbrev-juni.jpg","datePublished":"2020-07-03T12:46:58+00:00","breadcrumb":{"@id":"https:\/\/blaakors.no\/varmestua\/2020\/07\/03\/manedsbrev-april-2020-2-2\/#breadcrumb"},"inLanguage":"nb-NO","potentialAction":[{"@type":"ReadAction","target":["https:\/\/blaakors.no\/varmestua\/2020\/07\/03\/manedsbrev-april-2020-2-2\/"]}]},{"@type":"ImageObject","inLanguage":"nb-NO","@id":"https:\/\/blaakors.no\/varmestua\/2020\/07\/03\/manedsbrev-april-2020-2-2\/#primaryimage","url":"https:\/\/blaakors.no\/varmestua\/wp-content\/uploads\/sites\/3\/2020\/07\/manedsbrev-juni.jpg","contentUrl":"https:\/\/blaakors.no\/varmestua\/wp-content\/uploads\/sites\/3\/2020\/07\/manedsbrev-juni.jpg","width":960,"height":720},{"@type":"BreadcrumbList","@id":"https:\/\/blaakors.no\/varmestua\/2020\/07\/03\/manedsbrev-april-2020-2-2\/#breadcrumb","itemListElement":[{"@type":"ListItem","position":1,"name":"Hjem","item":"https:\/\/blaakors.no\/varmestua\/"},{"@type":"ListItem","position":2,"name":"M\u00e5nedsbrev juni 2020"}]},{"@type":"WebSite","@id":"https:\/\/blaakors.no\/varmestua\/#website","url":"https:\/\/blaakors.no\/varmestua\/","name":"Varmestua","description":"I sentrum st\u00e5r et menneske","publisher":{"@id":"https:\/\/blaakors.no\/varmestua\/#organization"},"potentialAction":[{"@type":"SearchAction","target":{"@type":"EntryPoint","urlTemplate":"https:\/\/blaakors.no\/varmestua\/?s={search_term_string}"},"query-input":{"@type":"PropertyValueSpecification","valueRequired":true,"valueName":"search_term_string"}}],"inLanguage":"nb-NO"},{"@type":"Organization","@id":"https:\/\/blaakors.no\/varmestua\/#organization","name":"Varmestua","url":"https:\/\/blaakors.no\/varmestua\/","logo":{"@type":"ImageObject","inLanguage":"nb-NO","@id":"https:\/\/blaakors.no\/varmestua\/#\/schema\/logo\/image\/","url":"https:\/\/blaakors.no\/varmestua\/wp-content\/uploads\/sites\/3\/2024\/09\/Bla-kors-logo-fredrikstad.svg","contentUrl":"https:\/\/blaakors.no\/varmestua\/wp-content\/uploads\/sites\/3\/2024\/09\/Bla-kors-logo-fredrikstad.svg","caption":"Varmestua"},"image":{"@id":"https:\/\/blaakors.no\/varmestua\/#\/schema\/logo\/image\/"}},{"@type":"Person","@id":"https:\/\/blaakors.no\/varmestua\/#\/schema\/person\/b4f97701537df4a065bea4a949e01b4b","name":"digital@thepitch.no","image":{"@type":"ImageObject","inLanguage":"nb-NO","@id":"https:\/\/blaakors.no\/varmestua\/#\/schema\/person\/image\/","url":"https:\/\/secure.gravatar.com\/avatar\/55e6fc7a4963b2ff255888f894e79158?s=96&d=mm&r=g","contentUrl":"https:\/\/secure.gravatar.com\/avatar\/55e6fc7a4963b2ff255888f894e79158?s=96&d=mm&r=g","caption":"digital@thepitch.no"},"sameAs":["https:\/\/blaakors.no"],"url":"https:\/\/blaakors.no\/varmestua\/author\/digitalthepitch-no\/"}]}},"_links":{"self":[{"href":"https:\/\/blaakors.no\/varmestua\/wp-json\/wp\/v2\/posts\/648","targetHints":{"allow":["GET"]}}],"collection":[{"href":"https:\/\/blaakors.no\/varmestua\/wp-json\/wp\/v2\/posts"}],"about":[{"href":"https:\/\/blaakors.no\/varmestua\/wp-json\/wp\/v2\/types\/post"}],"author":[{"embeddable":true,"href":"https:\/\/blaakors.no\/varmestua\/wp-json\/wp\/v2\/users\/1"}],"replies":[{"embeddable":true,"href":"https:\/\/blaakors.no\/varmestua\/wp-json\/wp\/v2\/comments?post=648"}],"version-history":[{"count":0,"href":"https:\/\/blaakors.no\/varmestua\/wp-json\/wp\/v2\/posts\/648\/revisions"}],"wp:featuredmedia":[{"embeddable":true,"href":"https:\/\/blaakors.no\/varmestua\/wp-json\/wp\/v2\/media\/649"}],"wp:attachment":[{"href":"https:\/\/blaakors.no\/varmestua\/wp-json\/wp\/v2\/media?parent=648"}],"wp:term":[{"taxonomy":"category","embeddable":true,"href":"https:\/\/blaakors.no\/varmestua\/wp-json\/wp\/v2\/categories?post=648"},{"taxonomy":"post_tag","embeddable":true,"href":"https:\/\/blaakors.no\/varmestua\/wp-json\/wp\/v2\/tags?post=648"}],"curies":[{"name":"wp","href":"https:\/\/api.w.org\/{rel}","templated":true}]}}