{"id":652,"date":"2020-09-22T15:22:21","date_gmt":"2020-09-22T13:22:21","guid":{"rendered":"http:\/\/blaakors.no\/varmestua\/?p=652"},"modified":"2020-09-22T15:22:21","modified_gmt":"2020-09-22T13:22:21","slug":"manedsbrev-juli-og-august","status":"publish","type":"post","link":"https:\/\/blaakors.no\/varmestua\/2020\/09\/22\/manedsbrev-juli-og-august\/","title":{"rendered":"M\u00e5nedsbrev juli og august"},"content":{"rendered":"<p>Sommeren er over for denne gang. Vi bretter opp ermene og gleder oss til h\u00f8st og nye muligheter.<br \/>\nVi har holdt \u00e5pent gjennom hele sommeren, dog med noe redusert tilbud p\u00e5 grunn av korona. Vi f\u00f8lger situasjonen n\u00f8ye. Ved hver vakt er en Tidgiver tilstede som smittevernleder. Alle m\u00e5 holde avstand og vaske hender.<br \/>\nVi har hatt flere aktiviteter i august, b\u00e5de minigolf, tur til Isegran, quiz, kinobes\u00f8k og musikkcaf\u00e8n er p\u00e5 plass igjen p\u00e5 Varmestua.<\/p>\n<p>Vi har f\u00e5tt ansatt en ny milj\u00f8terapeut p\u00e5 Varmestua. Hun heter Ida Lisette Pedersen og hadde f\u00f8rste arbeidsdag hos oss 10 august. Ida kjenner godt til milj\u00f8et fra tidligere arbeidsforhold og har et stort engasjement for v\u00e5r brukergruppe. Velkommen til oss. Vi gleder oss masse til \u00e5 bli kjent med deg.<\/p>\n<p>Vi h\u00e5per alle har hatt en trivelig sommer og er klare for h\u00f8sten.<\/p>\n<p><img loading=\"lazy\" decoding=\"async\" class=\"alignleft size-full wp-image-654\" src=\"https:\/\/blaakors.no\/varmestua\/wp-content\/uploads\/sites\/3\/2020\/09\/minigolf.jpg\" alt=\"\" width=\"450\" height=\"600\" srcset=\"https:\/\/blaakors.no\/varmestua\/wp-content\/uploads\/sites\/3\/2020\/09\/minigolf.jpg 450w, https:\/\/blaakors.no\/varmestua\/wp-content\/uploads\/sites\/3\/2020\/09\/minigolf-225x300.jpg 225w\" sizes=\"auto, (max-width: 450px) 100vw, 450px\" \/><\/p>\n","protected":false},"excerpt":{"rendered":"<p>Sommeren er over for denne gang. Vi bretter opp ermene og gleder oss til h\u00f8st og nye muligheter. Vi har holdt \u00e5pent gjennom hele sommeren, dog med noe redusert tilbud p\u00e5 grunn av korona. Vi f\u00f8lger situasjonen n\u00f8ye. Ved hver vakt er en Tidgiver tilstede som smittevernleder. Alle m\u00e5 holde avstand og vaske hender. Vi [&hellip;]<\/p>\n","protected":false},"author":1,"featured_media":653,"comment_status":"open","ping_status":"open","sticky":false,"template":"","format":"standard","meta":{"inline_featured_image":false,"_exactmetrics_skip_tracking":false,"_exactmetrics_sitenote_active":false,"_exactmetrics_sitenote_note":"","_exactmetrics_sitenote_category":0,"footnotes":""},"categories":[6],"tags":[],"class_list":["post-652","post","type-post","status-publish","format-standard","has-post-thumbnail","hentry","category-varmestua-i-fredrikstad"],"yoast_head":"<!-- This site is optimized with the Yoast SEO plugin v26.6 - https:\/\/yoast.com\/wordpress\/plugins\/seo\/ -->\n<title>M\u00e5nedsbrev juli og august - Varmestua<\/title>\n<meta name=\"robots\" content=\"index, follow, max-snippet:-1, max-image-preview:large, max-video-preview:-1\" \/>\n<link rel=\"canonical\" href=\"https:\/\/blaakors.no\/varmestua\/2020\/09\/22\/manedsbrev-juli-og-august\/\" \/>\n<meta property=\"og:locale\" content=\"nb_NO\" \/>\n<meta property=\"og:type\" content=\"article\" \/>\n<meta property=\"og:title\" content=\"M\u00e5nedsbrev juli og august - Varmestua\" \/>\n<meta property=\"og:description\" content=\"Sommeren er over for denne gang. Vi bretter opp ermene og gleder oss til h\u00f8st og nye muligheter. Vi har holdt \u00e5pent gjennom hele sommeren, dog med noe redusert tilbud p\u00e5 grunn av korona. Vi f\u00f8lger situasjonen n\u00f8ye. Ved hver vakt er en Tidgiver tilstede som smittevernleder. Alle m\u00e5 holde avstand og vaske hender. Vi [&hellip;]\" \/>\n<meta property=\"og:url\" content=\"https:\/\/blaakors.no\/varmestua\/2020\/09\/22\/manedsbrev-juli-og-august\/\" \/>\n<meta property=\"og:site_name\" content=\"Varmestua\" \/>\n<meta property=\"article:published_time\" content=\"2020-09-22T13:22:21+00:00\" \/>\n<meta property=\"og:image\" content=\"https:\/\/blaakors.no\/varmestua\/wp-content\/uploads\/sites\/3\/2020\/09\/brygga.jpg\" \/>\n\t<meta property=\"og:image:width\" content=\"600\" \/>\n\t<meta property=\"og:image:height\" content=\"450\" \/>\n\t<meta property=\"og:image:type\" content=\"image\/jpeg\" \/>\n<meta name=\"author\" content=\"digital@thepitch.no\" \/>\n<meta name=\"twitter:card\" content=\"summary_large_image\" \/>\n<meta name=\"twitter:label1\" content=\"Skrevet av\" \/>\n\t<meta name=\"twitter:data1\" content=\"digital@thepitch.no\" \/>\n\t<meta name=\"twitter:label2\" content=\"Ansl. lesetid\" \/>\n\t<meta name=\"twitter:data2\" content=\"1 minutt\" \/>\n<script type=\"application\/ld+json\" class=\"yoast-schema-graph\">{\"@context\":\"https:\/\/schema.org\",\"@graph\":[{\"@type\":\"Article\",\"@id\":\"https:\/\/blaakors.no\/varmestua\/2020\/09\/22\/manedsbrev-juli-og-august\/#article\",\"isPartOf\":{\"@id\":\"https:\/\/blaakors.no\/varmestua\/2020\/09\/22\/manedsbrev-juli-og-august\/\"},\"author\":{\"name\":\"digital@thepitch.no\",\"@id\":\"https:\/\/blaakors.no\/varmestua\/#\/schema\/person\/b4f97701537df4a065bea4a949e01b4b\"},\"headline\":\"M\u00e5nedsbrev juli og august\",\"datePublished\":\"2020-09-22T13:22:21+00:00\",\"mainEntityOfPage\":{\"@id\":\"https:\/\/blaakors.no\/varmestua\/2020\/09\/22\/manedsbrev-juli-og-august\/\"},\"wordCount\":156,\"commentCount\":0,\"publisher\":{\"@id\":\"https:\/\/blaakors.no\/varmestua\/#organization\"},\"image\":{\"@id\":\"https:\/\/blaakors.no\/varmestua\/2020\/09\/22\/manedsbrev-juli-og-august\/#primaryimage\"},\"thumbnailUrl\":\"https:\/\/blaakors.no\/varmestua\/wp-content\/uploads\/sites\/3\/2020\/09\/brygga.jpg\",\"articleSection\":[\"Varmestua i Fredrikstad\"],\"inLanguage\":\"nb-NO\",\"potentialAction\":[{\"@type\":\"CommentAction\",\"name\":\"Comment\",\"target\":[\"https:\/\/blaakors.no\/varmestua\/2020\/09\/22\/manedsbrev-juli-og-august\/#respond\"]}]},{\"@type\":\"WebPage\",\"@id\":\"https:\/\/blaakors.no\/varmestua\/2020\/09\/22\/manedsbrev-juli-og-august\/\",\"url\":\"https:\/\/blaakors.no\/varmestua\/2020\/09\/22\/manedsbrev-juli-og-august\/\",\"name\":\"M\u00e5nedsbrev juli og august - Varmestua\",\"isPartOf\":{\"@id\":\"https:\/\/blaakors.no\/varmestua\/#website\"},\"primaryImageOfPage\":{\"@id\":\"https:\/\/blaakors.no\/varmestua\/2020\/09\/22\/manedsbrev-juli-og-august\/#primaryimage\"},\"image\":{\"@id\":\"https:\/\/blaakors.no\/varmestua\/2020\/09\/22\/manedsbrev-juli-og-august\/#primaryimage\"},\"thumbnailUrl\":\"https:\/\/blaakors.no\/varmestua\/wp-content\/uploads\/sites\/3\/2020\/09\/brygga.jpg\",\"datePublished\":\"2020-09-22T13:22:21+00:00\",\"breadcrumb\":{\"@id\":\"https:\/\/blaakors.no\/varmestua\/2020\/09\/22\/manedsbrev-juli-og-august\/#breadcrumb\"},\"inLanguage\":\"nb-NO\",\"potentialAction\":[{\"@type\":\"ReadAction\",\"target\":[\"https:\/\/blaakors.no\/varmestua\/2020\/09\/22\/manedsbrev-juli-og-august\/\"]}]},{\"@type\":\"ImageObject\",\"inLanguage\":\"nb-NO\",\"@id\":\"https:\/\/blaakors.no\/varmestua\/2020\/09\/22\/manedsbrev-juli-og-august\/#primaryimage\",\"url\":\"https:\/\/blaakors.no\/varmestua\/wp-content\/uploads\/sites\/3\/2020\/09\/brygga.jpg\",\"contentUrl\":\"https:\/\/blaakors.no\/varmestua\/wp-content\/uploads\/sites\/3\/2020\/09\/brygga.jpg\",\"width\":600,\"height\":450},{\"@type\":\"BreadcrumbList\",\"@id\":\"https:\/\/blaakors.no\/varmestua\/2020\/09\/22\/manedsbrev-juli-og-august\/#breadcrumb\",\"itemListElement\":[{\"@type\":\"ListItem\",\"position\":1,\"name\":\"Hjem\",\"item\":\"https:\/\/blaakors.no\/varmestua\/\"},{\"@type\":\"ListItem\",\"position\":2,\"name\":\"M\u00e5nedsbrev juli og august\"}]},{\"@type\":\"WebSite\",\"@id\":\"https:\/\/blaakors.no\/varmestua\/#website\",\"url\":\"https:\/\/blaakors.no\/varmestua\/\",\"name\":\"Varmestua\",\"description\":\"I sentrum st\u00e5r et menneske\",\"publisher\":{\"@id\":\"https:\/\/blaakors.no\/varmestua\/#organization\"},\"potentialAction\":[{\"@type\":\"SearchAction\",\"target\":{\"@type\":\"EntryPoint\",\"urlTemplate\":\"https:\/\/blaakors.no\/varmestua\/?s={search_term_string}\"},\"query-input\":{\"@type\":\"PropertyValueSpecification\",\"valueRequired\":true,\"valueName\":\"search_term_string\"}}],\"inLanguage\":\"nb-NO\"},{\"@type\":\"Organization\",\"@id\":\"https:\/\/blaakors.no\/varmestua\/#organization\",\"name\":\"Varmestua\",\"url\":\"https:\/\/blaakors.no\/varmestua\/\",\"logo\":{\"@type\":\"ImageObject\",\"inLanguage\":\"nb-NO\",\"@id\":\"https:\/\/blaakors.no\/varmestua\/#\/schema\/logo\/image\/\",\"url\":\"https:\/\/blaakors.no\/varmestua\/wp-content\/uploads\/sites\/3\/2024\/09\/Bla-kors-logo-fredrikstad.svg\",\"contentUrl\":\"https:\/\/blaakors.no\/varmestua\/wp-content\/uploads\/sites\/3\/2024\/09\/Bla-kors-logo-fredrikstad.svg\",\"caption\":\"Varmestua\"},\"image\":{\"@id\":\"https:\/\/blaakors.no\/varmestua\/#\/schema\/logo\/image\/\"}},{\"@type\":\"Person\",\"@id\":\"https:\/\/blaakors.no\/varmestua\/#\/schema\/person\/b4f97701537df4a065bea4a949e01b4b\",\"name\":\"digital@thepitch.no\",\"image\":{\"@type\":\"ImageObject\",\"inLanguage\":\"nb-NO\",\"@id\":\"https:\/\/blaakors.no\/varmestua\/#\/schema\/person\/image\/\",\"url\":\"https:\/\/secure.gravatar.com\/avatar\/55e6fc7a4963b2ff255888f894e79158?s=96&d=mm&r=g\",\"contentUrl\":\"https:\/\/secure.gravatar.com\/avatar\/55e6fc7a4963b2ff255888f894e79158?s=96&d=mm&r=g\",\"caption\":\"digital@thepitch.no\"},\"sameAs\":[\"https:\/\/blaakors.no\"],\"url\":\"https:\/\/blaakors.no\/varmestua\/author\/digitalthepitch-no\/\"}]}<\/script>\n<!-- \/ Yoast SEO plugin. -->","yoast_head_json":{"title":"M\u00e5nedsbrev juli og august - Varmestua","robots":{"index":"index","follow":"follow","max-snippet":"max-snippet:-1","max-image-preview":"max-image-preview:large","max-video-preview":"max-video-preview:-1"},"canonical":"https:\/\/blaakors.no\/varmestua\/2020\/09\/22\/manedsbrev-juli-og-august\/","og_locale":"nb_NO","og_type":"article","og_title":"M\u00e5nedsbrev juli og august - Varmestua","og_description":"Sommeren er over for denne gang. Vi bretter opp ermene og gleder oss til h\u00f8st og nye muligheter. Vi har holdt \u00e5pent gjennom hele sommeren, dog med noe redusert tilbud p\u00e5 grunn av korona. Vi f\u00f8lger situasjonen n\u00f8ye. Ved hver vakt er en Tidgiver tilstede som smittevernleder. Alle m\u00e5 holde avstand og vaske hender. Vi [&hellip;]","og_url":"https:\/\/blaakors.no\/varmestua\/2020\/09\/22\/manedsbrev-juli-og-august\/","og_site_name":"Varmestua","article_published_time":"2020-09-22T13:22:21+00:00","og_image":[{"width":600,"height":450,"url":"https:\/\/blaakors.no\/varmestua\/wp-content\/uploads\/sites\/3\/2020\/09\/brygga.jpg","type":"image\/jpeg"}],"author":"digital@thepitch.no","twitter_card":"summary_large_image","twitter_misc":{"Skrevet av":"digital@thepitch.no","Ansl. lesetid":"1 minutt"},"schema":{"@context":"https:\/\/schema.org","@graph":[{"@type":"Article","@id":"https:\/\/blaakors.no\/varmestua\/2020\/09\/22\/manedsbrev-juli-og-august\/#article","isPartOf":{"@id":"https:\/\/blaakors.no\/varmestua\/2020\/09\/22\/manedsbrev-juli-og-august\/"},"author":{"name":"digital@thepitch.no","@id":"https:\/\/blaakors.no\/varmestua\/#\/schema\/person\/b4f97701537df4a065bea4a949e01b4b"},"headline":"M\u00e5nedsbrev juli og august","datePublished":"2020-09-22T13:22:21+00:00","mainEntityOfPage":{"@id":"https:\/\/blaakors.no\/varmestua\/2020\/09\/22\/manedsbrev-juli-og-august\/"},"wordCount":156,"commentCount":0,"publisher":{"@id":"https:\/\/blaakors.no\/varmestua\/#organization"},"image":{"@id":"https:\/\/blaakors.no\/varmestua\/2020\/09\/22\/manedsbrev-juli-og-august\/#primaryimage"},"thumbnailUrl":"https:\/\/blaakors.no\/varmestua\/wp-content\/uploads\/sites\/3\/2020\/09\/brygga.jpg","articleSection":["Varmestua i Fredrikstad"],"inLanguage":"nb-NO","potentialAction":[{"@type":"CommentAction","name":"Comment","target":["https:\/\/blaakors.no\/varmestua\/2020\/09\/22\/manedsbrev-juli-og-august\/#respond"]}]},{"@type":"WebPage","@id":"https:\/\/blaakors.no\/varmestua\/2020\/09\/22\/manedsbrev-juli-og-august\/","url":"https:\/\/blaakors.no\/varmestua\/2020\/09\/22\/manedsbrev-juli-og-august\/","name":"M\u00e5nedsbrev juli og august - Varmestua","isPartOf":{"@id":"https:\/\/blaakors.no\/varmestua\/#website"},"primaryImageOfPage":{"@id":"https:\/\/blaakors.no\/varmestua\/2020\/09\/22\/manedsbrev-juli-og-august\/#primaryimage"},"image":{"@id":"https:\/\/blaakors.no\/varmestua\/2020\/09\/22\/manedsbrev-juli-og-august\/#primaryimage"},"thumbnailUrl":"https:\/\/blaakors.no\/varmestua\/wp-content\/uploads\/sites\/3\/2020\/09\/brygga.jpg","datePublished":"2020-09-22T13:22:21+00:00","breadcrumb":{"@id":"https:\/\/blaakors.no\/varmestua\/2020\/09\/22\/manedsbrev-juli-og-august\/#breadcrumb"},"inLanguage":"nb-NO","potentialAction":[{"@type":"ReadAction","target":["https:\/\/blaakors.no\/varmestua\/2020\/09\/22\/manedsbrev-juli-og-august\/"]}]},{"@type":"ImageObject","inLanguage":"nb-NO","@id":"https:\/\/blaakors.no\/varmestua\/2020\/09\/22\/manedsbrev-juli-og-august\/#primaryimage","url":"https:\/\/blaakors.no\/varmestua\/wp-content\/uploads\/sites\/3\/2020\/09\/brygga.jpg","contentUrl":"https:\/\/blaakors.no\/varmestua\/wp-content\/uploads\/sites\/3\/2020\/09\/brygga.jpg","width":600,"height":450},{"@type":"BreadcrumbList","@id":"https:\/\/blaakors.no\/varmestua\/2020\/09\/22\/manedsbrev-juli-og-august\/#breadcrumb","itemListElement":[{"@type":"ListItem","position":1,"name":"Hjem","item":"https:\/\/blaakors.no\/varmestua\/"},{"@type":"ListItem","position":2,"name":"M\u00e5nedsbrev juli og august"}]},{"@type":"WebSite","@id":"https:\/\/blaakors.no\/varmestua\/#website","url":"https:\/\/blaakors.no\/varmestua\/","name":"Varmestua","description":"I sentrum st\u00e5r et menneske","publisher":{"@id":"https:\/\/blaakors.no\/varmestua\/#organization"},"potentialAction":[{"@type":"SearchAction","target":{"@type":"EntryPoint","urlTemplate":"https:\/\/blaakors.no\/varmestua\/?s={search_term_string}"},"query-input":{"@type":"PropertyValueSpecification","valueRequired":true,"valueName":"search_term_string"}}],"inLanguage":"nb-NO"},{"@type":"Organization","@id":"https:\/\/blaakors.no\/varmestua\/#organization","name":"Varmestua","url":"https:\/\/blaakors.no\/varmestua\/","logo":{"@type":"ImageObject","inLanguage":"nb-NO","@id":"https:\/\/blaakors.no\/varmestua\/#\/schema\/logo\/image\/","url":"https:\/\/blaakors.no\/varmestua\/wp-content\/uploads\/sites\/3\/2024\/09\/Bla-kors-logo-fredrikstad.svg","contentUrl":"https:\/\/blaakors.no\/varmestua\/wp-content\/uploads\/sites\/3\/2024\/09\/Bla-kors-logo-fredrikstad.svg","caption":"Varmestua"},"image":{"@id":"https:\/\/blaakors.no\/varmestua\/#\/schema\/logo\/image\/"}},{"@type":"Person","@id":"https:\/\/blaakors.no\/varmestua\/#\/schema\/person\/b4f97701537df4a065bea4a949e01b4b","name":"digital@thepitch.no","image":{"@type":"ImageObject","inLanguage":"nb-NO","@id":"https:\/\/blaakors.no\/varmestua\/#\/schema\/person\/image\/","url":"https:\/\/secure.gravatar.com\/avatar\/55e6fc7a4963b2ff255888f894e79158?s=96&d=mm&r=g","contentUrl":"https:\/\/secure.gravatar.com\/avatar\/55e6fc7a4963b2ff255888f894e79158?s=96&d=mm&r=g","caption":"digital@thepitch.no"},"sameAs":["https:\/\/blaakors.no"],"url":"https:\/\/blaakors.no\/varmestua\/author\/digitalthepitch-no\/"}]}},"_links":{"self":[{"href":"https:\/\/blaakors.no\/varmestua\/wp-json\/wp\/v2\/posts\/652","targetHints":{"allow":["GET"]}}],"collection":[{"href":"https:\/\/blaakors.no\/varmestua\/wp-json\/wp\/v2\/posts"}],"about":[{"href":"https:\/\/blaakors.no\/varmestua\/wp-json\/wp\/v2\/types\/post"}],"author":[{"embeddable":true,"href":"https:\/\/blaakors.no\/varmestua\/wp-json\/wp\/v2\/users\/1"}],"replies":[{"embeddable":true,"href":"https:\/\/blaakors.no\/varmestua\/wp-json\/wp\/v2\/comments?post=652"}],"version-history":[{"count":0,"href":"https:\/\/blaakors.no\/varmestua\/wp-json\/wp\/v2\/posts\/652\/revisions"}],"wp:featuredmedia":[{"embeddable":true,"href":"https:\/\/blaakors.no\/varmestua\/wp-json\/wp\/v2\/media\/653"}],"wp:attachment":[{"href":"https:\/\/blaakors.no\/varmestua\/wp-json\/wp\/v2\/media?parent=652"}],"wp:term":[{"taxonomy":"category","embeddable":true,"href":"https:\/\/blaakors.no\/varmestua\/wp-json\/wp\/v2\/categories?post=652"},{"taxonomy":"post_tag","embeddable":true,"href":"https:\/\/blaakors.no\/varmestua\/wp-json\/wp\/v2\/tags?post=652"}],"curies":[{"name":"wp","href":"https:\/\/api.w.org\/{rel}","templated":true}]}}