{"id":660,"date":"2020-10-09T14:35:05","date_gmt":"2020-10-09T12:35:05","guid":{"rendered":"http:\/\/blaakors.no\/varmestua\/?p=660"},"modified":"2020-10-09T14:35:05","modified_gmt":"2020-10-09T12:35:05","slug":"manedsbrev-september","status":"publish","type":"post","link":"https:\/\/blaakors.no\/varmestua\/2020\/10\/09\/manedsbrev-september\/","title":{"rendered":"M\u00e5nedsbrev september"},"content":{"rendered":"<p>H\u00f8sten er i gang, det begynner \u00e5 bli kaldt ute, men det er varmt og hyggelig p\u00e5 Varmestua.<br \/>\nVi skal starte opp et Mij\u00f8team p\u00e5 Stua og skal blant annet ha et samarbeid med H\u00f8gskolen i \u00d8stfold.<br \/>\nVeldig spennende og interessant! Det er f\u00f8rste gang Varmestua tar imot praksisstudenter fra H\u00f8gskolen. Det kommer 5 elever som studerer til \u00e5 bli Velferdsvitere, de skal v\u00e6re her i praksis frem til april 2021. De skal ha sin rolle i Milj\u00f8teamet, hvor de skal v\u00e6re i milj\u00f8et her p\u00e5 Varmestua, snakke med gjester, fange opp endringssnakk og motivere til endring.<\/p>\n<p>Det er ikke s\u00e5 altfor lenge til desember, tiden flyr og p\u00e5 Facebook har vi lagd et arrangement som heter <a href=\"https:\/\/www.facebook.com\/events\/4297007577038919\/\">\u00abJulemarked p\u00e5 Varmestua for hele familien\u00bb<\/a>. S\u00f8ndag 6\/12 arrangeres det et julemarked her p\u00e5 Varmestua, det blir veldig hyggelig. Vi gleder oss! Mer informasjon kommer n\u00e6rmere jul. Enn s\u00e5 lenge hold av datoen og kom i julestemning med oss.<\/p>\n<p>Alternativ fritid er i gang med \u00e5 snekre fuglekasser og sm\u00e5 dekorative juletr\u00e6r i tre som kan st\u00e5 til pynt. Her st\u00e5r b\u00e5de gjester, Tidgivere og ansatte p\u00e5. Vi gleder oss til \u00e5 vise dere! Produkter som lages av gjester og Tidgivere kaller vi for Bl\u00e5 Omtanke. Dette er produkter som skaper mestring og mening i hverdagen til brukere av v\u00e5re virksomheter. Alt av inntekter g\u00e5r tilbake til aktiviteter p\u00e5 v\u00e5re virksomheter.<br \/>\nAlternativ fritid har ogs\u00e5 v\u00e6rt en tur i Kongstenhallen \u00e5 spilt bowling. G\u00f8y!<br \/>\nMusikkafe er i gang p\u00e5 Stua og flere deltakere er med igjen etter en lengre sommerferie, det er veldig hyggelig.<\/p>\n<p>Sist uke fikk Ida p\u00e5 Stua muligheten til \u00e5 bes\u00f8ke Bl\u00e5 Kors Kontaktsenter i hovedstaden, her fikk hun f\u00f8lge to dyktige sosionomer. Veldig interessant og spennende!<\/p>\n","protected":false},"excerpt":{"rendered":"<p>H\u00f8sten er i gang, det begynner \u00e5 bli kaldt ute, men det er varmt og hyggelig p\u00e5 Varmestua. Vi skal starte opp et Mij\u00f8team p\u00e5 Stua og skal blant annet ha et samarbeid med H\u00f8gskolen i \u00d8stfold. Veldig spennende og interessant! Det er f\u00f8rste gang Varmestua tar imot praksisstudenter fra H\u00f8gskolen. Det kommer 5 elever [&hellip;]<\/p>\n","protected":false},"author":1,"featured_media":661,"comment_status":"open","ping_status":"open","sticky":false,"template":"","format":"standard","meta":{"inline_featured_image":false,"_exactmetrics_skip_tracking":false,"_exactmetrics_sitenote_active":false,"_exactmetrics_sitenote_note":"","_exactmetrics_sitenote_category":0,"footnotes":""},"categories":[6],"tags":[],"class_list":["post-660","post","type-post","status-publish","format-standard","has-post-thumbnail","hentry","category-varmestua-i-fredrikstad"],"yoast_head":"<!-- This site is optimized with the Yoast SEO plugin v26.6 - https:\/\/yoast.com\/wordpress\/plugins\/seo\/ -->\n<title>M\u00e5nedsbrev september - Varmestua<\/title>\n<meta name=\"robots\" content=\"index, follow, max-snippet:-1, max-image-preview:large, max-video-preview:-1\" \/>\n<link rel=\"canonical\" href=\"https:\/\/blaakors.no\/varmestua\/2020\/10\/09\/manedsbrev-september\/\" \/>\n<meta property=\"og:locale\" content=\"nb_NO\" \/>\n<meta property=\"og:type\" content=\"article\" \/>\n<meta property=\"og:title\" content=\"M\u00e5nedsbrev september - Varmestua\" \/>\n<meta property=\"og:description\" content=\"H\u00f8sten er i gang, det begynner \u00e5 bli kaldt ute, men det er varmt og hyggelig p\u00e5 Varmestua. Vi skal starte opp et Mij\u00f8team p\u00e5 Stua og skal blant annet ha et samarbeid med H\u00f8gskolen i \u00d8stfold. Veldig spennende og interessant! Det er f\u00f8rste gang Varmestua tar imot praksisstudenter fra H\u00f8gskolen. Det kommer 5 elever [&hellip;]\" \/>\n<meta property=\"og:url\" content=\"https:\/\/blaakors.no\/varmestua\/2020\/10\/09\/manedsbrev-september\/\" \/>\n<meta property=\"og:site_name\" content=\"Varmestua\" \/>\n<meta property=\"article:published_time\" content=\"2020-10-09T12:35:05+00:00\" \/>\n<meta property=\"og:image\" content=\"https:\/\/blaakors.no\/varmestua\/wp-content\/uploads\/sites\/3\/2020\/10\/Bla-Omtanke-e1602246964182.png\" \/>\n\t<meta property=\"og:image:width\" content=\"445\" \/>\n\t<meta property=\"og:image:height\" content=\"282\" \/>\n\t<meta property=\"og:image:type\" content=\"image\/png\" \/>\n<meta name=\"author\" content=\"digital@thepitch.no\" \/>\n<meta name=\"twitter:card\" content=\"summary_large_image\" \/>\n<meta name=\"twitter:label1\" content=\"Skrevet av\" \/>\n\t<meta name=\"twitter:data1\" content=\"digital@thepitch.no\" \/>\n\t<meta name=\"twitter:label2\" content=\"Ansl. lesetid\" \/>\n\t<meta name=\"twitter:data2\" content=\"1 minutt\" \/>\n<script type=\"application\/ld+json\" class=\"yoast-schema-graph\">{\"@context\":\"https:\/\/schema.org\",\"@graph\":[{\"@type\":\"Article\",\"@id\":\"https:\/\/blaakors.no\/varmestua\/2020\/10\/09\/manedsbrev-september\/#article\",\"isPartOf\":{\"@id\":\"https:\/\/blaakors.no\/varmestua\/2020\/10\/09\/manedsbrev-september\/\"},\"author\":{\"name\":\"digital@thepitch.no\",\"@id\":\"https:\/\/blaakors.no\/varmestua\/#\/schema\/person\/b4f97701537df4a065bea4a949e01b4b\"},\"headline\":\"M\u00e5nedsbrev september\",\"datePublished\":\"2020-10-09T12:35:05+00:00\",\"mainEntityOfPage\":{\"@id\":\"https:\/\/blaakors.no\/varmestua\/2020\/10\/09\/manedsbrev-september\/\"},\"wordCount\":302,\"commentCount\":0,\"publisher\":{\"@id\":\"https:\/\/blaakors.no\/varmestua\/#organization\"},\"image\":{\"@id\":\"https:\/\/blaakors.no\/varmestua\/2020\/10\/09\/manedsbrev-september\/#primaryimage\"},\"thumbnailUrl\":\"https:\/\/blaakors.no\/varmestua\/wp-content\/uploads\/sites\/3\/2020\/10\/Bla-Omtanke-e1602246964182.png\",\"articleSection\":[\"Varmestua i Fredrikstad\"],\"inLanguage\":\"nb-NO\",\"potentialAction\":[{\"@type\":\"CommentAction\",\"name\":\"Comment\",\"target\":[\"https:\/\/blaakors.no\/varmestua\/2020\/10\/09\/manedsbrev-september\/#respond\"]}]},{\"@type\":\"WebPage\",\"@id\":\"https:\/\/blaakors.no\/varmestua\/2020\/10\/09\/manedsbrev-september\/\",\"url\":\"https:\/\/blaakors.no\/varmestua\/2020\/10\/09\/manedsbrev-september\/\",\"name\":\"M\u00e5nedsbrev september - Varmestua\",\"isPartOf\":{\"@id\":\"https:\/\/blaakors.no\/varmestua\/#website\"},\"primaryImageOfPage\":{\"@id\":\"https:\/\/blaakors.no\/varmestua\/2020\/10\/09\/manedsbrev-september\/#primaryimage\"},\"image\":{\"@id\":\"https:\/\/blaakors.no\/varmestua\/2020\/10\/09\/manedsbrev-september\/#primaryimage\"},\"thumbnailUrl\":\"https:\/\/blaakors.no\/varmestua\/wp-content\/uploads\/sites\/3\/2020\/10\/Bla-Omtanke-e1602246964182.png\",\"datePublished\":\"2020-10-09T12:35:05+00:00\",\"breadcrumb\":{\"@id\":\"https:\/\/blaakors.no\/varmestua\/2020\/10\/09\/manedsbrev-september\/#breadcrumb\"},\"inLanguage\":\"nb-NO\",\"potentialAction\":[{\"@type\":\"ReadAction\",\"target\":[\"https:\/\/blaakors.no\/varmestua\/2020\/10\/09\/manedsbrev-september\/\"]}]},{\"@type\":\"ImageObject\",\"inLanguage\":\"nb-NO\",\"@id\":\"https:\/\/blaakors.no\/varmestua\/2020\/10\/09\/manedsbrev-september\/#primaryimage\",\"url\":\"https:\/\/blaakors.no\/varmestua\/wp-content\/uploads\/sites\/3\/2020\/10\/Bla-Omtanke-e1602246964182.png\",\"contentUrl\":\"https:\/\/blaakors.no\/varmestua\/wp-content\/uploads\/sites\/3\/2020\/10\/Bla-Omtanke-e1602246964182.png\",\"width\":445,\"height\":282},{\"@type\":\"BreadcrumbList\",\"@id\":\"https:\/\/blaakors.no\/varmestua\/2020\/10\/09\/manedsbrev-september\/#breadcrumb\",\"itemListElement\":[{\"@type\":\"ListItem\",\"position\":1,\"name\":\"Hjem\",\"item\":\"https:\/\/blaakors.no\/varmestua\/\"},{\"@type\":\"ListItem\",\"position\":2,\"name\":\"M\u00e5nedsbrev september\"}]},{\"@type\":\"WebSite\",\"@id\":\"https:\/\/blaakors.no\/varmestua\/#website\",\"url\":\"https:\/\/blaakors.no\/varmestua\/\",\"name\":\"Varmestua\",\"description\":\"I sentrum st\u00e5r et menneske\",\"publisher\":{\"@id\":\"https:\/\/blaakors.no\/varmestua\/#organization\"},\"potentialAction\":[{\"@type\":\"SearchAction\",\"target\":{\"@type\":\"EntryPoint\",\"urlTemplate\":\"https:\/\/blaakors.no\/varmestua\/?s={search_term_string}\"},\"query-input\":{\"@type\":\"PropertyValueSpecification\",\"valueRequired\":true,\"valueName\":\"search_term_string\"}}],\"inLanguage\":\"nb-NO\"},{\"@type\":\"Organization\",\"@id\":\"https:\/\/blaakors.no\/varmestua\/#organization\",\"name\":\"Varmestua\",\"url\":\"https:\/\/blaakors.no\/varmestua\/\",\"logo\":{\"@type\":\"ImageObject\",\"inLanguage\":\"nb-NO\",\"@id\":\"https:\/\/blaakors.no\/varmestua\/#\/schema\/logo\/image\/\",\"url\":\"https:\/\/blaakors.no\/varmestua\/wp-content\/uploads\/sites\/3\/2024\/09\/Bla-kors-logo-fredrikstad.svg\",\"contentUrl\":\"https:\/\/blaakors.no\/varmestua\/wp-content\/uploads\/sites\/3\/2024\/09\/Bla-kors-logo-fredrikstad.svg\",\"caption\":\"Varmestua\"},\"image\":{\"@id\":\"https:\/\/blaakors.no\/varmestua\/#\/schema\/logo\/image\/\"}},{\"@type\":\"Person\",\"@id\":\"https:\/\/blaakors.no\/varmestua\/#\/schema\/person\/b4f97701537df4a065bea4a949e01b4b\",\"name\":\"digital@thepitch.no\",\"image\":{\"@type\":\"ImageObject\",\"inLanguage\":\"nb-NO\",\"@id\":\"https:\/\/blaakors.no\/varmestua\/#\/schema\/person\/image\/\",\"url\":\"https:\/\/secure.gravatar.com\/avatar\/55e6fc7a4963b2ff255888f894e79158?s=96&d=mm&r=g\",\"contentUrl\":\"https:\/\/secure.gravatar.com\/avatar\/55e6fc7a4963b2ff255888f894e79158?s=96&d=mm&r=g\",\"caption\":\"digital@thepitch.no\"},\"sameAs\":[\"https:\/\/blaakors.no\"],\"url\":\"https:\/\/blaakors.no\/varmestua\/author\/digitalthepitch-no\/\"}]}<\/script>\n<!-- \/ Yoast SEO plugin. -->","yoast_head_json":{"title":"M\u00e5nedsbrev september - Varmestua","robots":{"index":"index","follow":"follow","max-snippet":"max-snippet:-1","max-image-preview":"max-image-preview:large","max-video-preview":"max-video-preview:-1"},"canonical":"https:\/\/blaakors.no\/varmestua\/2020\/10\/09\/manedsbrev-september\/","og_locale":"nb_NO","og_type":"article","og_title":"M\u00e5nedsbrev september - Varmestua","og_description":"H\u00f8sten er i gang, det begynner \u00e5 bli kaldt ute, men det er varmt og hyggelig p\u00e5 Varmestua. Vi skal starte opp et Mij\u00f8team p\u00e5 Stua og skal blant annet ha et samarbeid med H\u00f8gskolen i \u00d8stfold. Veldig spennende og interessant! Det er f\u00f8rste gang Varmestua tar imot praksisstudenter fra H\u00f8gskolen. Det kommer 5 elever [&hellip;]","og_url":"https:\/\/blaakors.no\/varmestua\/2020\/10\/09\/manedsbrev-september\/","og_site_name":"Varmestua","article_published_time":"2020-10-09T12:35:05+00:00","og_image":[{"width":445,"height":282,"url":"https:\/\/blaakors.no\/varmestua\/wp-content\/uploads\/sites\/3\/2020\/10\/Bla-Omtanke-e1602246964182.png","type":"image\/png"}],"author":"digital@thepitch.no","twitter_card":"summary_large_image","twitter_misc":{"Skrevet av":"digital@thepitch.no","Ansl. lesetid":"1 minutt"},"schema":{"@context":"https:\/\/schema.org","@graph":[{"@type":"Article","@id":"https:\/\/blaakors.no\/varmestua\/2020\/10\/09\/manedsbrev-september\/#article","isPartOf":{"@id":"https:\/\/blaakors.no\/varmestua\/2020\/10\/09\/manedsbrev-september\/"},"author":{"name":"digital@thepitch.no","@id":"https:\/\/blaakors.no\/varmestua\/#\/schema\/person\/b4f97701537df4a065bea4a949e01b4b"},"headline":"M\u00e5nedsbrev september","datePublished":"2020-10-09T12:35:05+00:00","mainEntityOfPage":{"@id":"https:\/\/blaakors.no\/varmestua\/2020\/10\/09\/manedsbrev-september\/"},"wordCount":302,"commentCount":0,"publisher":{"@id":"https:\/\/blaakors.no\/varmestua\/#organization"},"image":{"@id":"https:\/\/blaakors.no\/varmestua\/2020\/10\/09\/manedsbrev-september\/#primaryimage"},"thumbnailUrl":"https:\/\/blaakors.no\/varmestua\/wp-content\/uploads\/sites\/3\/2020\/10\/Bla-Omtanke-e1602246964182.png","articleSection":["Varmestua i Fredrikstad"],"inLanguage":"nb-NO","potentialAction":[{"@type":"CommentAction","name":"Comment","target":["https:\/\/blaakors.no\/varmestua\/2020\/10\/09\/manedsbrev-september\/#respond"]}]},{"@type":"WebPage","@id":"https:\/\/blaakors.no\/varmestua\/2020\/10\/09\/manedsbrev-september\/","url":"https:\/\/blaakors.no\/varmestua\/2020\/10\/09\/manedsbrev-september\/","name":"M\u00e5nedsbrev september - Varmestua","isPartOf":{"@id":"https:\/\/blaakors.no\/varmestua\/#website"},"primaryImageOfPage":{"@id":"https:\/\/blaakors.no\/varmestua\/2020\/10\/09\/manedsbrev-september\/#primaryimage"},"image":{"@id":"https:\/\/blaakors.no\/varmestua\/2020\/10\/09\/manedsbrev-september\/#primaryimage"},"thumbnailUrl":"https:\/\/blaakors.no\/varmestua\/wp-content\/uploads\/sites\/3\/2020\/10\/Bla-Omtanke-e1602246964182.png","datePublished":"2020-10-09T12:35:05+00:00","breadcrumb":{"@id":"https:\/\/blaakors.no\/varmestua\/2020\/10\/09\/manedsbrev-september\/#breadcrumb"},"inLanguage":"nb-NO","potentialAction":[{"@type":"ReadAction","target":["https:\/\/blaakors.no\/varmestua\/2020\/10\/09\/manedsbrev-september\/"]}]},{"@type":"ImageObject","inLanguage":"nb-NO","@id":"https:\/\/blaakors.no\/varmestua\/2020\/10\/09\/manedsbrev-september\/#primaryimage","url":"https:\/\/blaakors.no\/varmestua\/wp-content\/uploads\/sites\/3\/2020\/10\/Bla-Omtanke-e1602246964182.png","contentUrl":"https:\/\/blaakors.no\/varmestua\/wp-content\/uploads\/sites\/3\/2020\/10\/Bla-Omtanke-e1602246964182.png","width":445,"height":282},{"@type":"BreadcrumbList","@id":"https:\/\/blaakors.no\/varmestua\/2020\/10\/09\/manedsbrev-september\/#breadcrumb","itemListElement":[{"@type":"ListItem","position":1,"name":"Hjem","item":"https:\/\/blaakors.no\/varmestua\/"},{"@type":"ListItem","position":2,"name":"M\u00e5nedsbrev september"}]},{"@type":"WebSite","@id":"https:\/\/blaakors.no\/varmestua\/#website","url":"https:\/\/blaakors.no\/varmestua\/","name":"Varmestua","description":"I sentrum st\u00e5r et menneske","publisher":{"@id":"https:\/\/blaakors.no\/varmestua\/#organization"},"potentialAction":[{"@type":"SearchAction","target":{"@type":"EntryPoint","urlTemplate":"https:\/\/blaakors.no\/varmestua\/?s={search_term_string}"},"query-input":{"@type":"PropertyValueSpecification","valueRequired":true,"valueName":"search_term_string"}}],"inLanguage":"nb-NO"},{"@type":"Organization","@id":"https:\/\/blaakors.no\/varmestua\/#organization","name":"Varmestua","url":"https:\/\/blaakors.no\/varmestua\/","logo":{"@type":"ImageObject","inLanguage":"nb-NO","@id":"https:\/\/blaakors.no\/varmestua\/#\/schema\/logo\/image\/","url":"https:\/\/blaakors.no\/varmestua\/wp-content\/uploads\/sites\/3\/2024\/09\/Bla-kors-logo-fredrikstad.svg","contentUrl":"https:\/\/blaakors.no\/varmestua\/wp-content\/uploads\/sites\/3\/2024\/09\/Bla-kors-logo-fredrikstad.svg","caption":"Varmestua"},"image":{"@id":"https:\/\/blaakors.no\/varmestua\/#\/schema\/logo\/image\/"}},{"@type":"Person","@id":"https:\/\/blaakors.no\/varmestua\/#\/schema\/person\/b4f97701537df4a065bea4a949e01b4b","name":"digital@thepitch.no","image":{"@type":"ImageObject","inLanguage":"nb-NO","@id":"https:\/\/blaakors.no\/varmestua\/#\/schema\/person\/image\/","url":"https:\/\/secure.gravatar.com\/avatar\/55e6fc7a4963b2ff255888f894e79158?s=96&d=mm&r=g","contentUrl":"https:\/\/secure.gravatar.com\/avatar\/55e6fc7a4963b2ff255888f894e79158?s=96&d=mm&r=g","caption":"digital@thepitch.no"},"sameAs":["https:\/\/blaakors.no"],"url":"https:\/\/blaakors.no\/varmestua\/author\/digitalthepitch-no\/"}]}},"_links":{"self":[{"href":"https:\/\/blaakors.no\/varmestua\/wp-json\/wp\/v2\/posts\/660","targetHints":{"allow":["GET"]}}],"collection":[{"href":"https:\/\/blaakors.no\/varmestua\/wp-json\/wp\/v2\/posts"}],"about":[{"href":"https:\/\/blaakors.no\/varmestua\/wp-json\/wp\/v2\/types\/post"}],"author":[{"embeddable":true,"href":"https:\/\/blaakors.no\/varmestua\/wp-json\/wp\/v2\/users\/1"}],"replies":[{"embeddable":true,"href":"https:\/\/blaakors.no\/varmestua\/wp-json\/wp\/v2\/comments?post=660"}],"version-history":[{"count":0,"href":"https:\/\/blaakors.no\/varmestua\/wp-json\/wp\/v2\/posts\/660\/revisions"}],"wp:featuredmedia":[{"embeddable":true,"href":"https:\/\/blaakors.no\/varmestua\/wp-json\/wp\/v2\/media\/661"}],"wp:attachment":[{"href":"https:\/\/blaakors.no\/varmestua\/wp-json\/wp\/v2\/media?parent=660"}],"wp:term":[{"taxonomy":"category","embeddable":true,"href":"https:\/\/blaakors.no\/varmestua\/wp-json\/wp\/v2\/categories?post=660"},{"taxonomy":"post_tag","embeddable":true,"href":"https:\/\/blaakors.no\/varmestua\/wp-json\/wp\/v2\/tags?post=660"}],"curies":[{"name":"wp","href":"https:\/\/api.w.org\/{rel}","templated":true}]}}