{"id":679,"date":"2020-12-02T15:02:19","date_gmt":"2020-12-02T14:02:19","guid":{"rendered":"http:\/\/blaakors.no\/varmestua\/?p=679"},"modified":"2020-12-02T15:02:19","modified_gmt":"2020-12-02T14:02:19","slug":"manedsbrev-november","status":"publish","type":"post","link":"https:\/\/blaakors.no\/varmestua\/2020\/12\/02\/manedsbrev-november\/","title":{"rendered":"M\u00e5nedsbrev november"},"content":{"rendered":"<p>I november startet vi med l\u00f8rdags\u00e5pent igjen, vi har da \u00e5pent fra kl. 10-13. I tradisjonen tro blir det da servert risengrynsgr\u00f8t. \u00abGr\u00f8tl\u00f8rdag\u00bb! Veldig hyggelig.<\/p>\n<p>I november har gjester, tidgivere og ansatte st\u00e5tt p\u00e5 og forberedt et digitalt julemarked. P\u00e5 grunn av koronasituasjonen m\u00e5tte dessverre julemarkedet i tradisjonell form utg\u00e5, men et digitalt ble til. Alternativ fritid er derfor godt i gang med b\u00e5de salg av Bl\u00e5 Omtanke produkter og lodd p\u00e5 v\u00e5r side p\u00e5 Facebook. Vi vil gjerne gi en stor takk ogs\u00e5 til lokalsamfunnet v\u00e5rt som har sponset Varmestua med flotte premier til loddsalget. Trekningen vil bli filmet og lagt ut p\u00e5 siden v\u00e5r p\u00e5 Facebook mandag 14 desember. All inntekt vil g\u00e5 til lavterskeltilbud for aktive rusavhengige her p\u00e5 Varmestua. Bl\u00e5 Omtanke er produkter som skaper mestring og mening i hverdagen til brukere av v\u00e5re virksomheter.<\/p>\n<p>Alternativ fritid har ogs\u00e5 v\u00e6rt p\u00e5 kino hver onsdag, som er en fast aktivitet hver uke, veldig hyggelig og sosialt. Det er ofte et stort oppm\u00f8te og en aktivitet som settes stor pris p\u00e5 hos mange av v\u00e5re gjester.<\/p>\n<p>I november fikk Varmestua en flott omtale i v\u00e5r lokalavis, veldig hyggelig. Sjekk gjerne artikkelen ut <a href=\"https:\/\/www.f-b.no\/omsorg-vennskap-og-respekt-per-64-trives-pa-varmestua\/s\/5-59-2082371?session=0cd84867-16cc-45cf-97e1-06c37924baeb\" target=\"_blank\" rel=\"noopener noreferrer\">her<\/a>.<\/p>\n<p>Vi har g\u00e5tt til innkj\u00f8p av et piano p\u00e5 Varmestua, og flere ganger har det blitt spilt flotte toner og julestemningen sprer seg p\u00e5 huset. Musikkafe og privat gitarundervisning er flotte aktiviteter som st\u00e5r p\u00e5 timeplanen hver uke her p\u00e5 \u00abStua\u00bb. Flere av gjestene deltar og det hele setter en ekstra hyggelig stemning p\u00e5 huset, ogs\u00e5 for lytterne.<\/p>\n<p>Vi \u00f8nsker alle en fin f\u00f8rjulstid.<br \/>\nTa vare p\u00e5 dere selv og hverandre.<\/p>\n","protected":false},"excerpt":{"rendered":"<p>I november startet vi med l\u00f8rdags\u00e5pent igjen, vi har da \u00e5pent fra kl. 10-13. I tradisjonen tro blir det da servert risengrynsgr\u00f8t. \u00abGr\u00f8tl\u00f8rdag\u00bb! Veldig hyggelig. I november har gjester, tidgivere og ansatte st\u00e5tt p\u00e5 og forberedt et digitalt julemarked. P\u00e5 grunn av koronasituasjonen m\u00e5tte dessverre julemarkedet i tradisjonell form utg\u00e5, men et digitalt ble til. [&hellip;]<\/p>\n","protected":false},"author":1,"featured_media":682,"comment_status":"open","ping_status":"open","sticky":false,"template":"","format":"standard","meta":{"inline_featured_image":false,"_exactmetrics_skip_tracking":false,"_exactmetrics_sitenote_active":false,"_exactmetrics_sitenote_note":"","_exactmetrics_sitenote_category":0,"footnotes":""},"categories":[6],"tags":[],"class_list":["post-679","post","type-post","status-publish","format-standard","has-post-thumbnail","hentry","category-varmestua-i-fredrikstad"],"yoast_head":"<!-- This site is optimized with the Yoast SEO plugin v26.6 - https:\/\/yoast.com\/wordpress\/plugins\/seo\/ -->\n<title>M\u00e5nedsbrev november - Varmestua<\/title>\n<meta name=\"robots\" content=\"index, follow, max-snippet:-1, max-image-preview:large, max-video-preview:-1\" \/>\n<link rel=\"canonical\" href=\"https:\/\/blaakors.no\/varmestua\/2020\/12\/02\/manedsbrev-november\/\" \/>\n<meta property=\"og:locale\" content=\"nb_NO\" \/>\n<meta property=\"og:type\" content=\"article\" \/>\n<meta property=\"og:title\" content=\"M\u00e5nedsbrev november - Varmestua\" \/>\n<meta property=\"og:description\" content=\"I november startet vi med l\u00f8rdags\u00e5pent igjen, vi har da \u00e5pent fra kl. 10-13. I tradisjonen tro blir det da servert risengrynsgr\u00f8t. \u00abGr\u00f8tl\u00f8rdag\u00bb! Veldig hyggelig. I november har gjester, tidgivere og ansatte st\u00e5tt p\u00e5 og forberedt et digitalt julemarked. P\u00e5 grunn av koronasituasjonen m\u00e5tte dessverre julemarkedet i tradisjonell form utg\u00e5, men et digitalt ble til. [&hellip;]\" \/>\n<meta property=\"og:url\" content=\"https:\/\/blaakors.no\/varmestua\/2020\/12\/02\/manedsbrev-november\/\" \/>\n<meta property=\"og:site_name\" content=\"Varmestua\" \/>\n<meta property=\"article:published_time\" content=\"2020-12-02T14:02:19+00:00\" \/>\n<meta property=\"og:image\" content=\"https:\/\/blaakors.no\/varmestua\/wp-content\/uploads\/sites\/3\/2020\/12\/Rod-Jul-Prikker-Sirkel-Facebook-Innlegg-3-002.jpg\" \/>\n\t<meta property=\"og:image:width\" content=\"940\" \/>\n\t<meta property=\"og:image:height\" content=\"788\" \/>\n\t<meta property=\"og:image:type\" content=\"image\/jpeg\" \/>\n<meta name=\"author\" content=\"digital@thepitch.no\" \/>\n<meta name=\"twitter:card\" content=\"summary_large_image\" \/>\n<meta name=\"twitter:label1\" content=\"Skrevet av\" \/>\n\t<meta name=\"twitter:data1\" content=\"digital@thepitch.no\" \/>\n\t<meta name=\"twitter:label2\" content=\"Ansl. lesetid\" \/>\n\t<meta name=\"twitter:data2\" content=\"1 minutt\" \/>\n<script type=\"application\/ld+json\" class=\"yoast-schema-graph\">{\"@context\":\"https:\/\/schema.org\",\"@graph\":[{\"@type\":\"Article\",\"@id\":\"https:\/\/blaakors.no\/varmestua\/2020\/12\/02\/manedsbrev-november\/#article\",\"isPartOf\":{\"@id\":\"https:\/\/blaakors.no\/varmestua\/2020\/12\/02\/manedsbrev-november\/\"},\"author\":{\"name\":\"digital@thepitch.no\",\"@id\":\"https:\/\/blaakors.no\/varmestua\/#\/schema\/person\/b4f97701537df4a065bea4a949e01b4b\"},\"headline\":\"M\u00e5nedsbrev november\",\"datePublished\":\"2020-12-02T14:02:19+00:00\",\"mainEntityOfPage\":{\"@id\":\"https:\/\/blaakors.no\/varmestua\/2020\/12\/02\/manedsbrev-november\/\"},\"wordCount\":288,\"commentCount\":0,\"publisher\":{\"@id\":\"https:\/\/blaakors.no\/varmestua\/#organization\"},\"image\":{\"@id\":\"https:\/\/blaakors.no\/varmestua\/2020\/12\/02\/manedsbrev-november\/#primaryimage\"},\"thumbnailUrl\":\"https:\/\/blaakors.no\/varmestua\/wp-content\/uploads\/sites\/3\/2020\/12\/Rod-Jul-Prikker-Sirkel-Facebook-Innlegg-3-002.jpg\",\"articleSection\":[\"Varmestua i Fredrikstad\"],\"inLanguage\":\"nb-NO\",\"potentialAction\":[{\"@type\":\"CommentAction\",\"name\":\"Comment\",\"target\":[\"https:\/\/blaakors.no\/varmestua\/2020\/12\/02\/manedsbrev-november\/#respond\"]}]},{\"@type\":\"WebPage\",\"@id\":\"https:\/\/blaakors.no\/varmestua\/2020\/12\/02\/manedsbrev-november\/\",\"url\":\"https:\/\/blaakors.no\/varmestua\/2020\/12\/02\/manedsbrev-november\/\",\"name\":\"M\u00e5nedsbrev november - Varmestua\",\"isPartOf\":{\"@id\":\"https:\/\/blaakors.no\/varmestua\/#website\"},\"primaryImageOfPage\":{\"@id\":\"https:\/\/blaakors.no\/varmestua\/2020\/12\/02\/manedsbrev-november\/#primaryimage\"},\"image\":{\"@id\":\"https:\/\/blaakors.no\/varmestua\/2020\/12\/02\/manedsbrev-november\/#primaryimage\"},\"thumbnailUrl\":\"https:\/\/blaakors.no\/varmestua\/wp-content\/uploads\/sites\/3\/2020\/12\/Rod-Jul-Prikker-Sirkel-Facebook-Innlegg-3-002.jpg\",\"datePublished\":\"2020-12-02T14:02:19+00:00\",\"breadcrumb\":{\"@id\":\"https:\/\/blaakors.no\/varmestua\/2020\/12\/02\/manedsbrev-november\/#breadcrumb\"},\"inLanguage\":\"nb-NO\",\"potentialAction\":[{\"@type\":\"ReadAction\",\"target\":[\"https:\/\/blaakors.no\/varmestua\/2020\/12\/02\/manedsbrev-november\/\"]}]},{\"@type\":\"ImageObject\",\"inLanguage\":\"nb-NO\",\"@id\":\"https:\/\/blaakors.no\/varmestua\/2020\/12\/02\/manedsbrev-november\/#primaryimage\",\"url\":\"https:\/\/blaakors.no\/varmestua\/wp-content\/uploads\/sites\/3\/2020\/12\/Rod-Jul-Prikker-Sirkel-Facebook-Innlegg-3-002.jpg\",\"contentUrl\":\"https:\/\/blaakors.no\/varmestua\/wp-content\/uploads\/sites\/3\/2020\/12\/Rod-Jul-Prikker-Sirkel-Facebook-Innlegg-3-002.jpg\",\"width\":940,\"height\":788},{\"@type\":\"BreadcrumbList\",\"@id\":\"https:\/\/blaakors.no\/varmestua\/2020\/12\/02\/manedsbrev-november\/#breadcrumb\",\"itemListElement\":[{\"@type\":\"ListItem\",\"position\":1,\"name\":\"Hjem\",\"item\":\"https:\/\/blaakors.no\/varmestua\/\"},{\"@type\":\"ListItem\",\"position\":2,\"name\":\"M\u00e5nedsbrev november\"}]},{\"@type\":\"WebSite\",\"@id\":\"https:\/\/blaakors.no\/varmestua\/#website\",\"url\":\"https:\/\/blaakors.no\/varmestua\/\",\"name\":\"Varmestua\",\"description\":\"I sentrum st\u00e5r et menneske\",\"publisher\":{\"@id\":\"https:\/\/blaakors.no\/varmestua\/#organization\"},\"potentialAction\":[{\"@type\":\"SearchAction\",\"target\":{\"@type\":\"EntryPoint\",\"urlTemplate\":\"https:\/\/blaakors.no\/varmestua\/?s={search_term_string}\"},\"query-input\":{\"@type\":\"PropertyValueSpecification\",\"valueRequired\":true,\"valueName\":\"search_term_string\"}}],\"inLanguage\":\"nb-NO\"},{\"@type\":\"Organization\",\"@id\":\"https:\/\/blaakors.no\/varmestua\/#organization\",\"name\":\"Varmestua\",\"url\":\"https:\/\/blaakors.no\/varmestua\/\",\"logo\":{\"@type\":\"ImageObject\",\"inLanguage\":\"nb-NO\",\"@id\":\"https:\/\/blaakors.no\/varmestua\/#\/schema\/logo\/image\/\",\"url\":\"https:\/\/blaakors.no\/varmestua\/wp-content\/uploads\/sites\/3\/2024\/09\/Bla-kors-logo-fredrikstad.svg\",\"contentUrl\":\"https:\/\/blaakors.no\/varmestua\/wp-content\/uploads\/sites\/3\/2024\/09\/Bla-kors-logo-fredrikstad.svg\",\"caption\":\"Varmestua\"},\"image\":{\"@id\":\"https:\/\/blaakors.no\/varmestua\/#\/schema\/logo\/image\/\"}},{\"@type\":\"Person\",\"@id\":\"https:\/\/blaakors.no\/varmestua\/#\/schema\/person\/b4f97701537df4a065bea4a949e01b4b\",\"name\":\"digital@thepitch.no\",\"image\":{\"@type\":\"ImageObject\",\"inLanguage\":\"nb-NO\",\"@id\":\"https:\/\/blaakors.no\/varmestua\/#\/schema\/person\/image\/\",\"url\":\"https:\/\/secure.gravatar.com\/avatar\/55e6fc7a4963b2ff255888f894e79158?s=96&d=mm&r=g\",\"contentUrl\":\"https:\/\/secure.gravatar.com\/avatar\/55e6fc7a4963b2ff255888f894e79158?s=96&d=mm&r=g\",\"caption\":\"digital@thepitch.no\"},\"sameAs\":[\"https:\/\/blaakors.no\"],\"url\":\"https:\/\/blaakors.no\/varmestua\/author\/digitalthepitch-no\/\"}]}<\/script>\n<!-- \/ Yoast SEO plugin. -->","yoast_head_json":{"title":"M\u00e5nedsbrev november - Varmestua","robots":{"index":"index","follow":"follow","max-snippet":"max-snippet:-1","max-image-preview":"max-image-preview:large","max-video-preview":"max-video-preview:-1"},"canonical":"https:\/\/blaakors.no\/varmestua\/2020\/12\/02\/manedsbrev-november\/","og_locale":"nb_NO","og_type":"article","og_title":"M\u00e5nedsbrev november - Varmestua","og_description":"I november startet vi med l\u00f8rdags\u00e5pent igjen, vi har da \u00e5pent fra kl. 10-13. I tradisjonen tro blir det da servert risengrynsgr\u00f8t. \u00abGr\u00f8tl\u00f8rdag\u00bb! Veldig hyggelig. I november har gjester, tidgivere og ansatte st\u00e5tt p\u00e5 og forberedt et digitalt julemarked. P\u00e5 grunn av koronasituasjonen m\u00e5tte dessverre julemarkedet i tradisjonell form utg\u00e5, men et digitalt ble til. [&hellip;]","og_url":"https:\/\/blaakors.no\/varmestua\/2020\/12\/02\/manedsbrev-november\/","og_site_name":"Varmestua","article_published_time":"2020-12-02T14:02:19+00:00","og_image":[{"width":940,"height":788,"url":"https:\/\/blaakors.no\/varmestua\/wp-content\/uploads\/sites\/3\/2020\/12\/Rod-Jul-Prikker-Sirkel-Facebook-Innlegg-3-002.jpg","type":"image\/jpeg"}],"author":"digital@thepitch.no","twitter_card":"summary_large_image","twitter_misc":{"Skrevet av":"digital@thepitch.no","Ansl. lesetid":"1 minutt"},"schema":{"@context":"https:\/\/schema.org","@graph":[{"@type":"Article","@id":"https:\/\/blaakors.no\/varmestua\/2020\/12\/02\/manedsbrev-november\/#article","isPartOf":{"@id":"https:\/\/blaakors.no\/varmestua\/2020\/12\/02\/manedsbrev-november\/"},"author":{"name":"digital@thepitch.no","@id":"https:\/\/blaakors.no\/varmestua\/#\/schema\/person\/b4f97701537df4a065bea4a949e01b4b"},"headline":"M\u00e5nedsbrev november","datePublished":"2020-12-02T14:02:19+00:00","mainEntityOfPage":{"@id":"https:\/\/blaakors.no\/varmestua\/2020\/12\/02\/manedsbrev-november\/"},"wordCount":288,"commentCount":0,"publisher":{"@id":"https:\/\/blaakors.no\/varmestua\/#organization"},"image":{"@id":"https:\/\/blaakors.no\/varmestua\/2020\/12\/02\/manedsbrev-november\/#primaryimage"},"thumbnailUrl":"https:\/\/blaakors.no\/varmestua\/wp-content\/uploads\/sites\/3\/2020\/12\/Rod-Jul-Prikker-Sirkel-Facebook-Innlegg-3-002.jpg","articleSection":["Varmestua i Fredrikstad"],"inLanguage":"nb-NO","potentialAction":[{"@type":"CommentAction","name":"Comment","target":["https:\/\/blaakors.no\/varmestua\/2020\/12\/02\/manedsbrev-november\/#respond"]}]},{"@type":"WebPage","@id":"https:\/\/blaakors.no\/varmestua\/2020\/12\/02\/manedsbrev-november\/","url":"https:\/\/blaakors.no\/varmestua\/2020\/12\/02\/manedsbrev-november\/","name":"M\u00e5nedsbrev november - Varmestua","isPartOf":{"@id":"https:\/\/blaakors.no\/varmestua\/#website"},"primaryImageOfPage":{"@id":"https:\/\/blaakors.no\/varmestua\/2020\/12\/02\/manedsbrev-november\/#primaryimage"},"image":{"@id":"https:\/\/blaakors.no\/varmestua\/2020\/12\/02\/manedsbrev-november\/#primaryimage"},"thumbnailUrl":"https:\/\/blaakors.no\/varmestua\/wp-content\/uploads\/sites\/3\/2020\/12\/Rod-Jul-Prikker-Sirkel-Facebook-Innlegg-3-002.jpg","datePublished":"2020-12-02T14:02:19+00:00","breadcrumb":{"@id":"https:\/\/blaakors.no\/varmestua\/2020\/12\/02\/manedsbrev-november\/#breadcrumb"},"inLanguage":"nb-NO","potentialAction":[{"@type":"ReadAction","target":["https:\/\/blaakors.no\/varmestua\/2020\/12\/02\/manedsbrev-november\/"]}]},{"@type":"ImageObject","inLanguage":"nb-NO","@id":"https:\/\/blaakors.no\/varmestua\/2020\/12\/02\/manedsbrev-november\/#primaryimage","url":"https:\/\/blaakors.no\/varmestua\/wp-content\/uploads\/sites\/3\/2020\/12\/Rod-Jul-Prikker-Sirkel-Facebook-Innlegg-3-002.jpg","contentUrl":"https:\/\/blaakors.no\/varmestua\/wp-content\/uploads\/sites\/3\/2020\/12\/Rod-Jul-Prikker-Sirkel-Facebook-Innlegg-3-002.jpg","width":940,"height":788},{"@type":"BreadcrumbList","@id":"https:\/\/blaakors.no\/varmestua\/2020\/12\/02\/manedsbrev-november\/#breadcrumb","itemListElement":[{"@type":"ListItem","position":1,"name":"Hjem","item":"https:\/\/blaakors.no\/varmestua\/"},{"@type":"ListItem","position":2,"name":"M\u00e5nedsbrev november"}]},{"@type":"WebSite","@id":"https:\/\/blaakors.no\/varmestua\/#website","url":"https:\/\/blaakors.no\/varmestua\/","name":"Varmestua","description":"I sentrum st\u00e5r et menneske","publisher":{"@id":"https:\/\/blaakors.no\/varmestua\/#organization"},"potentialAction":[{"@type":"SearchAction","target":{"@type":"EntryPoint","urlTemplate":"https:\/\/blaakors.no\/varmestua\/?s={search_term_string}"},"query-input":{"@type":"PropertyValueSpecification","valueRequired":true,"valueName":"search_term_string"}}],"inLanguage":"nb-NO"},{"@type":"Organization","@id":"https:\/\/blaakors.no\/varmestua\/#organization","name":"Varmestua","url":"https:\/\/blaakors.no\/varmestua\/","logo":{"@type":"ImageObject","inLanguage":"nb-NO","@id":"https:\/\/blaakors.no\/varmestua\/#\/schema\/logo\/image\/","url":"https:\/\/blaakors.no\/varmestua\/wp-content\/uploads\/sites\/3\/2024\/09\/Bla-kors-logo-fredrikstad.svg","contentUrl":"https:\/\/blaakors.no\/varmestua\/wp-content\/uploads\/sites\/3\/2024\/09\/Bla-kors-logo-fredrikstad.svg","caption":"Varmestua"},"image":{"@id":"https:\/\/blaakors.no\/varmestua\/#\/schema\/logo\/image\/"}},{"@type":"Person","@id":"https:\/\/blaakors.no\/varmestua\/#\/schema\/person\/b4f97701537df4a065bea4a949e01b4b","name":"digital@thepitch.no","image":{"@type":"ImageObject","inLanguage":"nb-NO","@id":"https:\/\/blaakors.no\/varmestua\/#\/schema\/person\/image\/","url":"https:\/\/secure.gravatar.com\/avatar\/55e6fc7a4963b2ff255888f894e79158?s=96&d=mm&r=g","contentUrl":"https:\/\/secure.gravatar.com\/avatar\/55e6fc7a4963b2ff255888f894e79158?s=96&d=mm&r=g","caption":"digital@thepitch.no"},"sameAs":["https:\/\/blaakors.no"],"url":"https:\/\/blaakors.no\/varmestua\/author\/digitalthepitch-no\/"}]}},"_links":{"self":[{"href":"https:\/\/blaakors.no\/varmestua\/wp-json\/wp\/v2\/posts\/679","targetHints":{"allow":["GET"]}}],"collection":[{"href":"https:\/\/blaakors.no\/varmestua\/wp-json\/wp\/v2\/posts"}],"about":[{"href":"https:\/\/blaakors.no\/varmestua\/wp-json\/wp\/v2\/types\/post"}],"author":[{"embeddable":true,"href":"https:\/\/blaakors.no\/varmestua\/wp-json\/wp\/v2\/users\/1"}],"replies":[{"embeddable":true,"href":"https:\/\/blaakors.no\/varmestua\/wp-json\/wp\/v2\/comments?post=679"}],"version-history":[{"count":0,"href":"https:\/\/blaakors.no\/varmestua\/wp-json\/wp\/v2\/posts\/679\/revisions"}],"wp:featuredmedia":[{"embeddable":true,"href":"https:\/\/blaakors.no\/varmestua\/wp-json\/wp\/v2\/media\/682"}],"wp:attachment":[{"href":"https:\/\/blaakors.no\/varmestua\/wp-json\/wp\/v2\/media?parent=679"}],"wp:term":[{"taxonomy":"category","embeddable":true,"href":"https:\/\/blaakors.no\/varmestua\/wp-json\/wp\/v2\/categories?post=679"},{"taxonomy":"post_tag","embeddable":true,"href":"https:\/\/blaakors.no\/varmestua\/wp-json\/wp\/v2\/tags?post=679"}],"curies":[{"name":"wp","href":"https:\/\/api.w.org\/{rel}","templated":true}]}}