{"id":712,"date":"2021-03-26T13:38:59","date_gmt":"2021-03-26T12:38:59","guid":{"rendered":"https:\/\/blaakors.no\/varmestua\/?p=712"},"modified":"2021-03-26T13:38:59","modified_gmt":"2021-03-26T12:38:59","slug":"manedsbrev-januar-februar-og-mars","status":"publish","type":"post","link":"https:\/\/blaakors.no\/varmestua\/2021\/03\/26\/manedsbrev-januar-februar-og-mars\/","title":{"rendered":"M\u00e5nedsbrev januar, februar og mars"},"content":{"rendered":"<p>Ukene flyr avg\u00e5rde p\u00e5 Varmestua selv om vi alle lever under en pandemi,. Varmestua og \u00e5pningstidene for gjestene v\u00e5re er dessverre like uforutsigbare som \u00e5pningstidene for resten av landet. Vi har alltid v\u00e5re gjester som f\u00f8rste prioriterte arbeidsoppgave, og de gangene vi har m\u00e5tte holde stengt har vi ringt rundt til alle, delt ut mat i porten og omsorg over telefonen. Vi har ogs\u00e5 etablert er \u00abtrygt\u00bb turtilbud, nettopp for \u00e5 redusere ensomheten i denne t\u00f8ffe pandemitiden.<\/p>\n<p>Vi har spist mye god mat, b\u00e5de br\u00f8dmat og varmmat, og er opptatt av at gjestene v\u00e5re skal f\u00e5 et godt, variert og sunt m\u00e5ltid. God ern\u00e6ring er viktig for oss alle!<\/p>\n<p>Vi har ogs\u00e5 hatt mange gode samtaler, musikkafeen har v\u00e6rt oppe, vi rakk til og med en tur p\u00e5 kino hvor det var et godt oppm\u00f8te fra v\u00e5re gjester f\u00f8r det ble en ny \u00ablockdown\u00bb.<\/p>\n<p>N\u00e5r det var beinkaldt ute fikk vi levert ut b\u00e5de varme sko og jakker til noen av de som trenger det mest. N\u00e5 i mars var vi s\u00e5 heldige \u00e5 f\u00e5 bes\u00f8k av en fris\u00f8rsalong fra Sarpsborg i et samarbeid med \u00abPetter uteligger stiftelsen\u00bb som klippet \u00abulla\u00bb til 11 av v\u00e5re gjester, det ble en enda finere gjeng enn vanlig, selv om de er ganske s\u00e5 fine fra f\u00f8r. Takknemligheten lyste lang vei.<\/p>\n<p>I skrivende stund er dessverre Varmestua stengt, men vi har likevel et tilbud til v\u00e5re gjester og vi har satt i gang noen midlertidige tiltak. De som \u00f8nsker det f\u00e5r b\u00e5de mat og kl\u00e6r med seg og det er take away mat til de som trenger det. VI har ogs\u00e5 jevnlige ringerunder for \u00e5 h\u00f8re hvordan det st\u00e5r til og bidra til at de f\u00f8ler seg litt mindre ensomme.<\/p>\n<p>Vi h\u00e5per dere alle tar var p\u00e5 hverandre med god avstand, viser hverandre omtanke og kj\u00e6rlighet. Ta vare p\u00e5 dere selv i en t\u00f8ff og vanskelig tid. Vi \u00f8nsker alle en riktig god p\u00e5ske med mye solskinn.<\/p>\n<p>I p\u00e5skeuken skal vi som i fjor levere ut deilige matposer til alle v\u00e5re gjester.<\/p>\n<p>Vi gleder oss over v\u00e5ren som er i anmarsj og h\u00e5per sterkt p\u00e5 et virus som snart sier takk og farvel.<\/p>\n<p><img loading=\"lazy\" decoding=\"async\" class=\"alignleft size-full wp-image-630\" src=\"https:\/\/blaakors.no\/varmestua\/wp-content\/uploads\/sites\/3\/2020\/05\/Matpakker.jpg\" alt=\"\" width=\"670\" height=\"502\" srcset=\"https:\/\/blaakors.no\/varmestua\/wp-content\/uploads\/sites\/3\/2020\/05\/Matpakker.jpg 670w, https:\/\/blaakors.no\/varmestua\/wp-content\/uploads\/sites\/3\/2020\/05\/Matpakker-300x225.jpg 300w\" sizes=\"auto, (max-width: 670px) 100vw, 670px\" \/><\/p>\n","protected":false},"excerpt":{"rendered":"<p>Ukene flyr avg\u00e5rde p\u00e5 Varmestua selv om vi alle lever under en pandemi,. Varmestua og \u00e5pningstidene for gjestene v\u00e5re er dessverre like uforutsigbare som \u00e5pningstidene for resten av landet. Vi har alltid v\u00e5re gjester som f\u00f8rste prioriterte arbeidsoppgave, og de gangene vi har m\u00e5tte holde stengt har vi ringt rundt til alle, delt ut mat [&hellip;]<\/p>\n","protected":false},"author":1,"featured_media":713,"comment_status":"open","ping_status":"open","sticky":false,"template":"","format":"standard","meta":{"inline_featured_image":false,"_exactmetrics_skip_tracking":false,"_exactmetrics_sitenote_active":false,"_exactmetrics_sitenote_note":"","_exactmetrics_sitenote_category":0,"footnotes":""},"categories":[6],"tags":[],"class_list":["post-712","post","type-post","status-publish","format-standard","has-post-thumbnail","hentry","category-varmestua-i-fredrikstad"],"yoast_head":"<!-- This site is optimized with the Yoast SEO plugin v26.6 - https:\/\/yoast.com\/wordpress\/plugins\/seo\/ -->\n<title>M\u00e5nedsbrev januar, februar og mars - Varmestua<\/title>\n<meta name=\"robots\" content=\"index, follow, max-snippet:-1, max-image-preview:large, max-video-preview:-1\" \/>\n<link rel=\"canonical\" href=\"https:\/\/blaakors.no\/varmestua\/2021\/03\/26\/manedsbrev-januar-februar-og-mars\/\" \/>\n<meta property=\"og:locale\" content=\"nb_NO\" \/>\n<meta property=\"og:type\" content=\"article\" \/>\n<meta property=\"og:title\" content=\"M\u00e5nedsbrev januar, februar og mars - Varmestua\" \/>\n<meta property=\"og:description\" content=\"Ukene flyr avg\u00e5rde p\u00e5 Varmestua selv om vi alle lever under en pandemi,. Varmestua og \u00e5pningstidene for gjestene v\u00e5re er dessverre like uforutsigbare som \u00e5pningstidene for resten av landet. Vi har alltid v\u00e5re gjester som f\u00f8rste prioriterte arbeidsoppgave, og de gangene vi har m\u00e5tte holde stengt har vi ringt rundt til alle, delt ut mat [&hellip;]\" \/>\n<meta property=\"og:url\" content=\"https:\/\/blaakors.no\/varmestua\/2021\/03\/26\/manedsbrev-januar-februar-og-mars\/\" \/>\n<meta property=\"og:site_name\" content=\"Varmestua\" \/>\n<meta property=\"article:published_time\" content=\"2021-03-26T12:38:59+00:00\" \/>\n<meta property=\"og:image\" content=\"https:\/\/blaakors.no\/varmestua\/wp-content\/uploads\/sites\/3\/2021\/03\/Frisor.jpg\" \/>\n\t<meta property=\"og:image:width\" content=\"499\" \/>\n\t<meta property=\"og:image:height\" content=\"384\" \/>\n\t<meta property=\"og:image:type\" content=\"image\/jpeg\" \/>\n<meta name=\"author\" content=\"digital@thepitch.no\" \/>\n<meta name=\"twitter:card\" content=\"summary_large_image\" \/>\n<meta name=\"twitter:label1\" content=\"Skrevet av\" \/>\n\t<meta name=\"twitter:data1\" content=\"digital@thepitch.no\" \/>\n\t<meta name=\"twitter:label2\" content=\"Ansl. lesetid\" \/>\n\t<meta name=\"twitter:data2\" content=\"2 minutter\" \/>\n<script type=\"application\/ld+json\" class=\"yoast-schema-graph\">{\"@context\":\"https:\/\/schema.org\",\"@graph\":[{\"@type\":\"Article\",\"@id\":\"https:\/\/blaakors.no\/varmestua\/2021\/03\/26\/manedsbrev-januar-februar-og-mars\/#article\",\"isPartOf\":{\"@id\":\"https:\/\/blaakors.no\/varmestua\/2021\/03\/26\/manedsbrev-januar-februar-og-mars\/\"},\"author\":{\"name\":\"digital@thepitch.no\",\"@id\":\"https:\/\/blaakors.no\/varmestua\/#\/schema\/person\/b4f97701537df4a065bea4a949e01b4b\"},\"headline\":\"M\u00e5nedsbrev januar, februar og mars\",\"datePublished\":\"2021-03-26T12:38:59+00:00\",\"mainEntityOfPage\":{\"@id\":\"https:\/\/blaakors.no\/varmestua\/2021\/03\/26\/manedsbrev-januar-februar-og-mars\/\"},\"wordCount\":397,\"commentCount\":0,\"publisher\":{\"@id\":\"https:\/\/blaakors.no\/varmestua\/#organization\"},\"image\":{\"@id\":\"https:\/\/blaakors.no\/varmestua\/2021\/03\/26\/manedsbrev-januar-februar-og-mars\/#primaryimage\"},\"thumbnailUrl\":\"https:\/\/blaakors.no\/varmestua\/wp-content\/uploads\/sites\/3\/2021\/03\/Frisor.jpg\",\"articleSection\":[\"Varmestua i Fredrikstad\"],\"inLanguage\":\"nb-NO\",\"potentialAction\":[{\"@type\":\"CommentAction\",\"name\":\"Comment\",\"target\":[\"https:\/\/blaakors.no\/varmestua\/2021\/03\/26\/manedsbrev-januar-februar-og-mars\/#respond\"]}]},{\"@type\":\"WebPage\",\"@id\":\"https:\/\/blaakors.no\/varmestua\/2021\/03\/26\/manedsbrev-januar-februar-og-mars\/\",\"url\":\"https:\/\/blaakors.no\/varmestua\/2021\/03\/26\/manedsbrev-januar-februar-og-mars\/\",\"name\":\"M\u00e5nedsbrev januar, februar og mars - Varmestua\",\"isPartOf\":{\"@id\":\"https:\/\/blaakors.no\/varmestua\/#website\"},\"primaryImageOfPage\":{\"@id\":\"https:\/\/blaakors.no\/varmestua\/2021\/03\/26\/manedsbrev-januar-februar-og-mars\/#primaryimage\"},\"image\":{\"@id\":\"https:\/\/blaakors.no\/varmestua\/2021\/03\/26\/manedsbrev-januar-februar-og-mars\/#primaryimage\"},\"thumbnailUrl\":\"https:\/\/blaakors.no\/varmestua\/wp-content\/uploads\/sites\/3\/2021\/03\/Frisor.jpg\",\"datePublished\":\"2021-03-26T12:38:59+00:00\",\"breadcrumb\":{\"@id\":\"https:\/\/blaakors.no\/varmestua\/2021\/03\/26\/manedsbrev-januar-februar-og-mars\/#breadcrumb\"},\"inLanguage\":\"nb-NO\",\"potentialAction\":[{\"@type\":\"ReadAction\",\"target\":[\"https:\/\/blaakors.no\/varmestua\/2021\/03\/26\/manedsbrev-januar-februar-og-mars\/\"]}]},{\"@type\":\"ImageObject\",\"inLanguage\":\"nb-NO\",\"@id\":\"https:\/\/blaakors.no\/varmestua\/2021\/03\/26\/manedsbrev-januar-februar-og-mars\/#primaryimage\",\"url\":\"https:\/\/blaakors.no\/varmestua\/wp-content\/uploads\/sites\/3\/2021\/03\/Frisor.jpg\",\"contentUrl\":\"https:\/\/blaakors.no\/varmestua\/wp-content\/uploads\/sites\/3\/2021\/03\/Frisor.jpg\",\"width\":499,\"height\":384},{\"@type\":\"BreadcrumbList\",\"@id\":\"https:\/\/blaakors.no\/varmestua\/2021\/03\/26\/manedsbrev-januar-februar-og-mars\/#breadcrumb\",\"itemListElement\":[{\"@type\":\"ListItem\",\"position\":1,\"name\":\"Hjem\",\"item\":\"https:\/\/blaakors.no\/varmestua\/\"},{\"@type\":\"ListItem\",\"position\":2,\"name\":\"M\u00e5nedsbrev januar, februar og mars\"}]},{\"@type\":\"WebSite\",\"@id\":\"https:\/\/blaakors.no\/varmestua\/#website\",\"url\":\"https:\/\/blaakors.no\/varmestua\/\",\"name\":\"Varmestua\",\"description\":\"I sentrum st\u00e5r et menneske\",\"publisher\":{\"@id\":\"https:\/\/blaakors.no\/varmestua\/#organization\"},\"potentialAction\":[{\"@type\":\"SearchAction\",\"target\":{\"@type\":\"EntryPoint\",\"urlTemplate\":\"https:\/\/blaakors.no\/varmestua\/?s={search_term_string}\"},\"query-input\":{\"@type\":\"PropertyValueSpecification\",\"valueRequired\":true,\"valueName\":\"search_term_string\"}}],\"inLanguage\":\"nb-NO\"},{\"@type\":\"Organization\",\"@id\":\"https:\/\/blaakors.no\/varmestua\/#organization\",\"name\":\"Varmestua\",\"url\":\"https:\/\/blaakors.no\/varmestua\/\",\"logo\":{\"@type\":\"ImageObject\",\"inLanguage\":\"nb-NO\",\"@id\":\"https:\/\/blaakors.no\/varmestua\/#\/schema\/logo\/image\/\",\"url\":\"https:\/\/blaakors.no\/varmestua\/wp-content\/uploads\/sites\/3\/2024\/09\/Bla-kors-logo-fredrikstad.svg\",\"contentUrl\":\"https:\/\/blaakors.no\/varmestua\/wp-content\/uploads\/sites\/3\/2024\/09\/Bla-kors-logo-fredrikstad.svg\",\"caption\":\"Varmestua\"},\"image\":{\"@id\":\"https:\/\/blaakors.no\/varmestua\/#\/schema\/logo\/image\/\"}},{\"@type\":\"Person\",\"@id\":\"https:\/\/blaakors.no\/varmestua\/#\/schema\/person\/b4f97701537df4a065bea4a949e01b4b\",\"name\":\"digital@thepitch.no\",\"image\":{\"@type\":\"ImageObject\",\"inLanguage\":\"nb-NO\",\"@id\":\"https:\/\/blaakors.no\/varmestua\/#\/schema\/person\/image\/\",\"url\":\"https:\/\/secure.gravatar.com\/avatar\/55e6fc7a4963b2ff255888f894e79158?s=96&d=mm&r=g\",\"contentUrl\":\"https:\/\/secure.gravatar.com\/avatar\/55e6fc7a4963b2ff255888f894e79158?s=96&d=mm&r=g\",\"caption\":\"digital@thepitch.no\"},\"sameAs\":[\"https:\/\/blaakors.no\"],\"url\":\"https:\/\/blaakors.no\/varmestua\/author\/digitalthepitch-no\/\"}]}<\/script>\n<!-- \/ Yoast SEO plugin. -->","yoast_head_json":{"title":"M\u00e5nedsbrev januar, februar og mars - Varmestua","robots":{"index":"index","follow":"follow","max-snippet":"max-snippet:-1","max-image-preview":"max-image-preview:large","max-video-preview":"max-video-preview:-1"},"canonical":"https:\/\/blaakors.no\/varmestua\/2021\/03\/26\/manedsbrev-januar-februar-og-mars\/","og_locale":"nb_NO","og_type":"article","og_title":"M\u00e5nedsbrev januar, februar og mars - Varmestua","og_description":"Ukene flyr avg\u00e5rde p\u00e5 Varmestua selv om vi alle lever under en pandemi,. Varmestua og \u00e5pningstidene for gjestene v\u00e5re er dessverre like uforutsigbare som \u00e5pningstidene for resten av landet. Vi har alltid v\u00e5re gjester som f\u00f8rste prioriterte arbeidsoppgave, og de gangene vi har m\u00e5tte holde stengt har vi ringt rundt til alle, delt ut mat [&hellip;]","og_url":"https:\/\/blaakors.no\/varmestua\/2021\/03\/26\/manedsbrev-januar-februar-og-mars\/","og_site_name":"Varmestua","article_published_time":"2021-03-26T12:38:59+00:00","og_image":[{"width":499,"height":384,"url":"https:\/\/blaakors.no\/varmestua\/wp-content\/uploads\/sites\/3\/2021\/03\/Frisor.jpg","type":"image\/jpeg"}],"author":"digital@thepitch.no","twitter_card":"summary_large_image","twitter_misc":{"Skrevet av":"digital@thepitch.no","Ansl. lesetid":"2 minutter"},"schema":{"@context":"https:\/\/schema.org","@graph":[{"@type":"Article","@id":"https:\/\/blaakors.no\/varmestua\/2021\/03\/26\/manedsbrev-januar-februar-og-mars\/#article","isPartOf":{"@id":"https:\/\/blaakors.no\/varmestua\/2021\/03\/26\/manedsbrev-januar-februar-og-mars\/"},"author":{"name":"digital@thepitch.no","@id":"https:\/\/blaakors.no\/varmestua\/#\/schema\/person\/b4f97701537df4a065bea4a949e01b4b"},"headline":"M\u00e5nedsbrev januar, februar og mars","datePublished":"2021-03-26T12:38:59+00:00","mainEntityOfPage":{"@id":"https:\/\/blaakors.no\/varmestua\/2021\/03\/26\/manedsbrev-januar-februar-og-mars\/"},"wordCount":397,"commentCount":0,"publisher":{"@id":"https:\/\/blaakors.no\/varmestua\/#organization"},"image":{"@id":"https:\/\/blaakors.no\/varmestua\/2021\/03\/26\/manedsbrev-januar-februar-og-mars\/#primaryimage"},"thumbnailUrl":"https:\/\/blaakors.no\/varmestua\/wp-content\/uploads\/sites\/3\/2021\/03\/Frisor.jpg","articleSection":["Varmestua i Fredrikstad"],"inLanguage":"nb-NO","potentialAction":[{"@type":"CommentAction","name":"Comment","target":["https:\/\/blaakors.no\/varmestua\/2021\/03\/26\/manedsbrev-januar-februar-og-mars\/#respond"]}]},{"@type":"WebPage","@id":"https:\/\/blaakors.no\/varmestua\/2021\/03\/26\/manedsbrev-januar-februar-og-mars\/","url":"https:\/\/blaakors.no\/varmestua\/2021\/03\/26\/manedsbrev-januar-februar-og-mars\/","name":"M\u00e5nedsbrev januar, februar og mars - Varmestua","isPartOf":{"@id":"https:\/\/blaakors.no\/varmestua\/#website"},"primaryImageOfPage":{"@id":"https:\/\/blaakors.no\/varmestua\/2021\/03\/26\/manedsbrev-januar-februar-og-mars\/#primaryimage"},"image":{"@id":"https:\/\/blaakors.no\/varmestua\/2021\/03\/26\/manedsbrev-januar-februar-og-mars\/#primaryimage"},"thumbnailUrl":"https:\/\/blaakors.no\/varmestua\/wp-content\/uploads\/sites\/3\/2021\/03\/Frisor.jpg","datePublished":"2021-03-26T12:38:59+00:00","breadcrumb":{"@id":"https:\/\/blaakors.no\/varmestua\/2021\/03\/26\/manedsbrev-januar-februar-og-mars\/#breadcrumb"},"inLanguage":"nb-NO","potentialAction":[{"@type":"ReadAction","target":["https:\/\/blaakors.no\/varmestua\/2021\/03\/26\/manedsbrev-januar-februar-og-mars\/"]}]},{"@type":"ImageObject","inLanguage":"nb-NO","@id":"https:\/\/blaakors.no\/varmestua\/2021\/03\/26\/manedsbrev-januar-februar-og-mars\/#primaryimage","url":"https:\/\/blaakors.no\/varmestua\/wp-content\/uploads\/sites\/3\/2021\/03\/Frisor.jpg","contentUrl":"https:\/\/blaakors.no\/varmestua\/wp-content\/uploads\/sites\/3\/2021\/03\/Frisor.jpg","width":499,"height":384},{"@type":"BreadcrumbList","@id":"https:\/\/blaakors.no\/varmestua\/2021\/03\/26\/manedsbrev-januar-februar-og-mars\/#breadcrumb","itemListElement":[{"@type":"ListItem","position":1,"name":"Hjem","item":"https:\/\/blaakors.no\/varmestua\/"},{"@type":"ListItem","position":2,"name":"M\u00e5nedsbrev januar, februar og mars"}]},{"@type":"WebSite","@id":"https:\/\/blaakors.no\/varmestua\/#website","url":"https:\/\/blaakors.no\/varmestua\/","name":"Varmestua","description":"I sentrum st\u00e5r et menneske","publisher":{"@id":"https:\/\/blaakors.no\/varmestua\/#organization"},"potentialAction":[{"@type":"SearchAction","target":{"@type":"EntryPoint","urlTemplate":"https:\/\/blaakors.no\/varmestua\/?s={search_term_string}"},"query-input":{"@type":"PropertyValueSpecification","valueRequired":true,"valueName":"search_term_string"}}],"inLanguage":"nb-NO"},{"@type":"Organization","@id":"https:\/\/blaakors.no\/varmestua\/#organization","name":"Varmestua","url":"https:\/\/blaakors.no\/varmestua\/","logo":{"@type":"ImageObject","inLanguage":"nb-NO","@id":"https:\/\/blaakors.no\/varmestua\/#\/schema\/logo\/image\/","url":"https:\/\/blaakors.no\/varmestua\/wp-content\/uploads\/sites\/3\/2024\/09\/Bla-kors-logo-fredrikstad.svg","contentUrl":"https:\/\/blaakors.no\/varmestua\/wp-content\/uploads\/sites\/3\/2024\/09\/Bla-kors-logo-fredrikstad.svg","caption":"Varmestua"},"image":{"@id":"https:\/\/blaakors.no\/varmestua\/#\/schema\/logo\/image\/"}},{"@type":"Person","@id":"https:\/\/blaakors.no\/varmestua\/#\/schema\/person\/b4f97701537df4a065bea4a949e01b4b","name":"digital@thepitch.no","image":{"@type":"ImageObject","inLanguage":"nb-NO","@id":"https:\/\/blaakors.no\/varmestua\/#\/schema\/person\/image\/","url":"https:\/\/secure.gravatar.com\/avatar\/55e6fc7a4963b2ff255888f894e79158?s=96&d=mm&r=g","contentUrl":"https:\/\/secure.gravatar.com\/avatar\/55e6fc7a4963b2ff255888f894e79158?s=96&d=mm&r=g","caption":"digital@thepitch.no"},"sameAs":["https:\/\/blaakors.no"],"url":"https:\/\/blaakors.no\/varmestua\/author\/digitalthepitch-no\/"}]}},"_links":{"self":[{"href":"https:\/\/blaakors.no\/varmestua\/wp-json\/wp\/v2\/posts\/712","targetHints":{"allow":["GET"]}}],"collection":[{"href":"https:\/\/blaakors.no\/varmestua\/wp-json\/wp\/v2\/posts"}],"about":[{"href":"https:\/\/blaakors.no\/varmestua\/wp-json\/wp\/v2\/types\/post"}],"author":[{"embeddable":true,"href":"https:\/\/blaakors.no\/varmestua\/wp-json\/wp\/v2\/users\/1"}],"replies":[{"embeddable":true,"href":"https:\/\/blaakors.no\/varmestua\/wp-json\/wp\/v2\/comments?post=712"}],"version-history":[{"count":0,"href":"https:\/\/blaakors.no\/varmestua\/wp-json\/wp\/v2\/posts\/712\/revisions"}],"wp:featuredmedia":[{"embeddable":true,"href":"https:\/\/blaakors.no\/varmestua\/wp-json\/wp\/v2\/media\/713"}],"wp:attachment":[{"href":"https:\/\/blaakors.no\/varmestua\/wp-json\/wp\/v2\/media?parent=712"}],"wp:term":[{"taxonomy":"category","embeddable":true,"href":"https:\/\/blaakors.no\/varmestua\/wp-json\/wp\/v2\/categories?post=712"},{"taxonomy":"post_tag","embeddable":true,"href":"https:\/\/blaakors.no\/varmestua\/wp-json\/wp\/v2\/tags?post=712"}],"curies":[{"name":"wp","href":"https:\/\/api.w.org\/{rel}","templated":true}]}}